{"id":4173,"date":"2021-11-15T22:40:32","date_gmt":"2021-11-15T21:40:32","guid":{"rendered":"https:\/\/agora.xtec.cat\/escolabacdecerdanya\/?p=4173"},"modified":"2021-11-15T22:40:32","modified_gmt":"2021-11-15T21:40:32","slug":"portatils-pels-nens-es-de-6e","status":"publish","type":"post","link":"https:\/\/agora.xtec.cat\/escolabacdecerdanya\/general\/portatils-pels-nens-es-de-6e\/","title":{"rendered":"PORT\u00c0TILS PELS NENS\/ES DE 6\u00e8"},"content":{"rendered":"<p>Avui s&#8217;han entregat els ordinadors port\u00e0tils als alumnes de 6\u00e8 de l&#8217;escola. Els nens\/es en podran gaudir durant tot el curs fins el mes de juny. Estaven molt il\u00b7lusionats i impacients per rebre&#8217;ls!<\/p>\n<p><a href=\"https:\/\/agora.xtec.cat\/escolabacdecerdanya\/wp-content\/uploads\/usu1753\/2021\/11\/DAB53E16-2F08-4CF7-AA95-7267E75F1FA8.jpeg\"><img loading=\"lazy\" decoding=\"async\" class=\"wp-image-4175 alignright\" src=\"https:\/\/agora.xtec.cat\/escolabacdecerdanya\/wp-content\/uploads\/usu1753\/2021\/11\/DAB53E16-2F08-4CF7-AA95-7267E75F1FA8-1024x768.jpeg\" alt=\"\" width=\"416\" height=\"312\" srcset=\"https:\/\/agora.xtec.cat\/escolabacdecerdanya\/wp-content\/uploads\/usu1753\/2021\/11\/DAB53E16-2F08-4CF7-AA95-7267E75F1FA8-1024x768.jpeg 1024w, https:\/\/agora.xtec.cat\/escolabacdecerdanya\/wp-content\/uploads\/usu1753\/2021\/11\/DAB53E16-2F08-4CF7-AA95-7267E75F1FA8-300x225.jpeg 300w, https:\/\/agora.xtec.cat\/escolabacdecerdanya\/wp-content\/uploads\/usu1753\/2021\/11\/DAB53E16-2F08-4CF7-AA95-7267E75F1FA8-768x576.jpeg 768w, https:\/\/agora.xtec.cat\/escolabacdecerdanya\/wp-content\/uploads\/usu1753\/2021\/11\/DAB53E16-2F08-4CF7-AA95-7267E75F1FA8-1536x1152.jpeg 1536w, https:\/\/agora.xtec.cat\/escolabacdecerdanya\/wp-content\/uploads\/usu1753\/2021\/11\/DAB53E16-2F08-4CF7-AA95-7267E75F1FA8-200x150.jpeg 200w, https:\/\/agora.xtec.cat\/escolabacdecerdanya\/wp-content\/uploads\/usu1753\/2021\/11\/DAB53E16-2F08-4CF7-AA95-7267E75F1FA8.jpeg 2016w\" sizes=\"auto, (max-width: 416px) 100vw, 416px\" \/><\/a><a href=\"https:\/\/agora.xtec.cat\/escolabacdecerdanya\/wp-content\/uploads\/usu1753\/2021\/11\/FOTO2.jpg\"><img loading=\"lazy\" decoding=\"async\" class=\"wp-image-4176 alignleft\" src=\"https:\/\/agora.xtec.cat\/escolabacdecerdanya\/wp-content\/uploads\/usu1753\/2021\/11\/FOTO2-1024x768.jpg\" alt=\"\" width=\"415\" height=\"311\" srcset=\"https:\/\/agora.xtec.cat\/escolabacdecerdanya\/wp-content\/uploads\/usu1753\/2021\/11\/FOTO2-1024x768.jpg 1024w, https:\/\/agora.xtec.cat\/escolabacdecerdanya\/wp-content\/uploads\/usu1753\/2021\/11\/FOTO2-300x225.jpg 300w, https:\/\/agora.xtec.cat\/escolabacdecerdanya\/wp-content\/uploads\/usu1753\/2021\/11\/FOTO2-768x576.jpg 768w, https:\/\/agora.xtec.cat\/escolabacdecerdanya\/wp-content\/uploads\/usu1753\/2021\/11\/FOTO2-1536x1152.jpg 1536w, https:\/\/agora.xtec.cat\/escolabacdecerdanya\/wp-content\/uploads\/usu1753\/2021\/11\/FOTO2-200x150.jpg 200w, https:\/\/agora.xtec.cat\/escolabacdecerdanya\/wp-content\/uploads\/usu1753\/2021\/11\/FOTO2.jpg 2016w\" sizes=\"auto, (max-width: 415px) 100vw, 415px\" \/><\/a><\/p>\n","protected":false},"excerpt":{"rendered":"<p>Avui s&#8217;han entregat els ordinadors port\u00e0tils als alumnes de 6\u00e8 de l&#8217;escola. Els nens\/es en podran gaudir durant tot el curs fins el mes de juny. Estaven molt il\u00b7lusionats i impacients per rebre&#8217;ls!<br \/>\n<a href=\"https:\/\/agora.xtec.cat\/escolabacdecerdanya\/wp-content\/uploads\/usu1753\/2021\/11\/DAB53E16-2F08-4CF7-AA95-7267E75F1FA8.jpeg\"><\/a><a href=\"https:\/\/agora.xtec.cat\/escolabacdecerdanya\/wp-content\/uploads\/usu1753\/2021\/11\/FOTO2.jpg\"><\/a><\/p>\n","protected":false},"author":27,"featured_media":4174,"comment_status":"open","ping_status":"closed","sticky":false,"template":"","format":"standard","meta":{"_bbp_topic_count":0,"_bbp_reply_count":0,"_bbp_total_topic_count":0,"_bbp_total_reply_count":0,"_bbp_voice_count":0,"_bbp_anonymous_reply_count":0,"_bbp_topic_count_hidden":0,"_bbp_reply_count_hidden":0,"_bbp_forum_subforum_count":0,"footnotes":""},"categories":[15,76,1,4],"tags":[],"class_list":["post-4173","post","type-post","status-publish","format-standard","has-post-thumbnail","hentry","category-6e","category-cicle-superior","category-general","category-portada"],"post_mailing_queue_ids":[],"_links":{"self":[{"href":"https:\/\/agora.xtec.cat\/escolabacdecerdanya\/wp-json\/wp\/v2\/posts\/4173","targetHints":{"allow":["GET"]}}],"collection":[{"href":"https:\/\/agora.xtec.cat\/escolabacdecerdanya\/wp-json\/wp\/v2\/posts"}],"about":[{"href":"https:\/\/agora.xtec.cat\/escolabacdecerdanya\/wp-json\/wp\/v2\/types\/post"}],"author":[{"embeddable":true,"href":"https:\/\/agora.xtec.cat\/escolabacdecerdanya\/wp-json\/wp\/v2\/users\/27"}],"replies":[{"embeddable":true,"href":"https:\/\/agora.xtec.cat\/escolabacdecerdanya\/wp-json\/wp\/v2\/comments?post=4173"}],"version-history":[{"count":2,"href":"https:\/\/agora.xtec.cat\/escolabacdecerdanya\/wp-json\/wp\/v2\/posts\/4173\/revisions"}],"predecessor-version":[{"id":4178,"href":"https:\/\/agora.xtec.cat\/escolabacdecerdanya\/wp-json\/wp\/v2\/posts\/4173\/revisions\/4178"}],"wp:featuredmedia":[{"embeddable":true,"href":"https:\/\/agora.xtec.cat\/escolabacdecerdanya\/wp-json\/wp\/v2\/media\/4174"}],"wp:attachment":[{"href":"https:\/\/agora.xtec.cat\/escolabacdecerdanya\/wp-json\/wp\/v2\/media?parent=4173"}],"wp:term":[{"taxonomy":"category","embeddable":true,"href":"https:\/\/agora.xtec.cat\/escolabacdecerdanya\/wp-json\/wp\/v2\/categories?post=4173"},{"taxonomy":"post_tag","embeddable":true,"href":"https:\/\/agora.xtec.cat\/escolabacdecerdanya\/wp-json\/wp\/v2\/tags?post=4173"}],"curies":[{"name":"wp","href":"https:\/\/api.w.org\/{rel}","templated":true}]}}