{"id":4131,"date":"2021-10-29T20:55:50","date_gmt":"2021-10-29T18:55:50","guid":{"rendered":"https:\/\/agora.xtec.cat\/escolabacdecerdanya\/?p=4131"},"modified":"2021-10-29T15:54:28","modified_gmt":"2021-10-29T13:54:28","slug":"castanyada-2021","status":"publish","type":"post","link":"https:\/\/agora.xtec.cat\/escolabacdecerdanya\/general\/castanyada-2021\/","title":{"rendered":"Castanyada 2021"},"content":{"rendered":"<p style=\"text-align: justify;\">Per finalitzar la Setmana Cultural dels 50 anys, hem celebrat la <span style=\"color: #ff0000;\"><strong>Castanyada<\/strong><\/span> amb la magn\u00edfica actuaci\u00f3 del grup <em>La Sonsoni.<\/em><\/p>\n<p style=\"text-align: justify;\">Hem ballat i menjat castanyes! Els nens i nenes de l&#8217;escola, s&#8217;ho han passat d&#8217;all\u00f2 m\u00e9s b\u00e9!<\/p>\n<p style=\"text-align: justify;\">Agra\u00efm la cooperaci\u00f3 dels mares i pares i treballadors de la brigada municipal que han vingut a torrar castanyes! Estaven bon\u00edssimes!<\/p>\n<p style=\"text-align: justify;\">Cliqueu la imatge per veure&#8217;n les <a href=\"https:\/\/photos.app.goo.gl\/4EfnJKXUEUYNk6pA7\">fotos i v\u00eddeos<\/a>!<\/p>\n<p><a href=\"https:\/\/photos.app.goo.gl\/4EfnJKXUEUYNk6pA7\"><img loading=\"lazy\" decoding=\"async\" class=\"alignleft  wp-image-4132\" src=\"https:\/\/agora.xtec.cat\/escolabacdecerdanya\/wp-content\/uploads\/usu1753\/2021\/10\/IMG-20211029-WA0019.jpg\" alt=\"\" width=\"524\" height=\"295\" srcset=\"https:\/\/agora.xtec.cat\/escolabacdecerdanya\/wp-content\/uploads\/usu1753\/2021\/10\/IMG-20211029-WA0019.jpg 1600w, https:\/\/agora.xtec.cat\/escolabacdecerdanya\/wp-content\/uploads\/usu1753\/2021\/10\/IMG-20211029-WA0019-300x169.jpg 300w, https:\/\/agora.xtec.cat\/escolabacdecerdanya\/wp-content\/uploads\/usu1753\/2021\/10\/IMG-20211029-WA0019-1024x576.jpg 1024w, https:\/\/agora.xtec.cat\/escolabacdecerdanya\/wp-content\/uploads\/usu1753\/2021\/10\/IMG-20211029-WA0019-768x432.jpg 768w, https:\/\/agora.xtec.cat\/escolabacdecerdanya\/wp-content\/uploads\/usu1753\/2021\/10\/IMG-20211029-WA0019-1536x864.jpg 1536w\" sizes=\"auto, (max-width: 524px) 100vw, 524px\" \/><\/a><\/p>\n","protected":false},"excerpt":{"rendered":"<p>Per finalitzar la Setmana Cultural dels 50 anys, hem celebrat la Castanyada amb la magn\u00edfica actuaci\u00f3 del grup La Sonsoni.<br \/>\nHem ballat i menjat castanyes! Els nens i nenes de l&#8217;escola, s&#8217;ho han passat d&#8217;all\u00f2 m\u00e9s b\u00e9!<br \/>\nAgra\u00efm la cooperaci\u00f3 dels mares i pares i treballadors de&hellip;  <a href=\"https:\/\/agora.xtec.cat\/escolabacdecerdanya\/general\/castanyada-2021\/\" title=\"Read Castanyada 2021\">Llegeix m\u00e9s\u00bb<\/a><\/p>\n","protected":false},"author":1,"featured_media":4132,"comment_status":"open","ping_status":"closed","sticky":false,"template":"","format":"standard","meta":{"_bbp_topic_count":0,"_bbp_reply_count":0,"_bbp_total_topic_count":0,"_bbp_total_reply_count":0,"_bbp_voice_count":0,"_bbp_anonymous_reply_count":0,"_bbp_topic_count_hidden":0,"_bbp_reply_count_hidden":0,"_bbp_forum_subforum_count":0,"footnotes":""},"categories":[78,104,105,76,103,60,161,1,121,4],"tags":[],"class_list":["post-4131","post","type-post","status-publish","format-standard","has-post-thumbnail","hentry","category-castanyada","category-inicial","category-mitja","category-cicle-superior","category-infantil-2","category-families","category-festes","category-general","category-musica","category-portada"],"post_mailing_queue_ids":[],"_links":{"self":[{"href":"https:\/\/agora.xtec.cat\/escolabacdecerdanya\/wp-json\/wp\/v2\/posts\/4131","targetHints":{"allow":["GET"]}}],"collection":[{"href":"https:\/\/agora.xtec.cat\/escolabacdecerdanya\/wp-json\/wp\/v2\/posts"}],"about":[{"href":"https:\/\/agora.xtec.cat\/escolabacdecerdanya\/wp-json\/wp\/v2\/types\/post"}],"author":[{"embeddable":true,"href":"https:\/\/agora.xtec.cat\/escolabacdecerdanya\/wp-json\/wp\/v2\/users\/1"}],"replies":[{"embeddable":true,"href":"https:\/\/agora.xtec.cat\/escolabacdecerdanya\/wp-json\/wp\/v2\/comments?post=4131"}],"version-history":[{"count":2,"href":"https:\/\/agora.xtec.cat\/escolabacdecerdanya\/wp-json\/wp\/v2\/posts\/4131\/revisions"}],"predecessor-version":[{"id":4134,"href":"https:\/\/agora.xtec.cat\/escolabacdecerdanya\/wp-json\/wp\/v2\/posts\/4131\/revisions\/4134"}],"wp:featuredmedia":[{"embeddable":true,"href":"https:\/\/agora.xtec.cat\/escolabacdecerdanya\/wp-json\/wp\/v2\/media\/4132"}],"wp:attachment":[{"href":"https:\/\/agora.xtec.cat\/escolabacdecerdanya\/wp-json\/wp\/v2\/media?parent=4131"}],"wp:term":[{"taxonomy":"category","embeddable":true,"href":"https:\/\/agora.xtec.cat\/escolabacdecerdanya\/wp-json\/wp\/v2\/categories?post=4131"},{"taxonomy":"post_tag","embeddable":true,"href":"https:\/\/agora.xtec.cat\/escolabacdecerdanya\/wp-json\/wp\/v2\/tags?post=4131"}],"curies":[{"name":"wp","href":"https:\/\/api.w.org\/{rel}","templated":true}]}}