{"id":4083,"date":"2021-10-19T21:01:48","date_gmt":"2021-10-19T19:01:48","guid":{"rendered":"https:\/\/agora.xtec.cat\/escolabacdecerdanya\/?p=4083"},"modified":"2021-10-19T21:01:48","modified_gmt":"2021-10-19T19:01:48","slug":"cm-visitem-lajuntament-dalp","status":"publish","type":"post","link":"https:\/\/agora.xtec.cat\/escolabacdecerdanya\/general\/cm-visitem-lajuntament-dalp\/","title":{"rendered":"CM &#8211; Visitem l&#8217;Ajuntament d&#8217;Alp"},"content":{"rendered":"<p>El passat dilluns dia 18 d&#8217;octubre, els alumnes de cicle mitj\u00e0 vam anar a visitar l&#8217;Ajuntament d&#8217;Alp ja que estem realitzant el projecte sobre el municipi. Vam poder veure com funciona un Ajuntament, els diferents departaments que hi ha, i el munt de gent que hi treballa.<\/p>\n<p>Vam tenir molta sort que ens acompanyes durant la visita l&#8217;alcalde, el Sr. Carles Adser\u00e0 i un regidor, el Sr. Tom\u00e0s Pous, a qui estem molt agra\u00efts ja que vam poder fer preguntes i ens van explicar moltes coses. (i algun secret&#8230;)<\/p>\n<p>Va ser molt interessant.<\/p>\n<p>Si voleu veure alguna fotografia cliqueu el seg\u00fcent enlla\u00e7:<\/p>\n<p><a href=\"https:\/\/photos.app.goo.gl\/g6qDRSdRbP3w1QTK9\">https:\/\/photos.app.goo.gl\/g6qDRSdRbP3w1QTK9<\/a><\/p>\n<p style=\"text-align: center\"><img loading=\"lazy\" decoding=\"async\" class=\"alignnone size-medium wp-image-4084\" src=\"https:\/\/agora.xtec.cat\/escolabacdecerdanya\/wp-content\/uploads\/usu1753\/2021\/10\/20211018_115508-300x220.jpg\" alt=\"\" width=\"300\" height=\"220\" srcset=\"https:\/\/agora.xtec.cat\/escolabacdecerdanya\/wp-content\/uploads\/usu1753\/2021\/10\/20211018_115508-300x220.jpg 300w, https:\/\/agora.xtec.cat\/escolabacdecerdanya\/wp-content\/uploads\/usu1753\/2021\/10\/20211018_115508-1024x752.jpg 1024w, https:\/\/agora.xtec.cat\/escolabacdecerdanya\/wp-content\/uploads\/usu1753\/2021\/10\/20211018_115508-768x564.jpg 768w, https:\/\/agora.xtec.cat\/escolabacdecerdanya\/wp-content\/uploads\/usu1753\/2021\/10\/20211018_115508-1536x1127.jpg 1536w, https:\/\/agora.xtec.cat\/escolabacdecerdanya\/wp-content\/uploads\/usu1753\/2021\/10\/20211018_115508-2048x1503.jpg 2048w\" sizes=\"auto, (max-width: 300px) 100vw, 300px\" \/><\/p>\n","protected":false},"excerpt":{"rendered":"<p>El passat dilluns dia 18 d&#8217;octubre, els alumnes de cicle mitj\u00e0 vam anar a visitar l&#8217;Ajuntament d&#8217;Alp ja que estem realitzant el projecte sobre el municipi. Vam poder veure com funciona un Ajuntament, els diferents departaments que hi ha, i el munt de gent que&hellip;  <a href=\"https:\/\/agora.xtec.cat\/escolabacdecerdanya\/general\/cm-visitem-lajuntament-dalp\/\" title=\"Read CM &#8211; Visitem l&#8217;Ajuntament d&#8217;Alp\">Llegeix m\u00e9s\u00bb<\/a><\/p>\n","protected":false},"author":32,"featured_media":4084,"comment_status":"open","ping_status":"closed","sticky":false,"template":"","format":"standard","meta":{"_bbp_topic_count":0,"_bbp_reply_count":0,"_bbp_total_topic_count":0,"_bbp_total_reply_count":0,"_bbp_voice_count":0,"_bbp_anonymous_reply_count":0,"_bbp_topic_count_hidden":0,"_bbp_reply_count_hidden":0,"_bbp_forum_subforum_count":0,"footnotes":""},"categories":[12,13,105,1,4],"tags":[],"class_list":["post-4083","post","type-post","status-publish","format-standard","has-post-thumbnail","hentry","category-3r","category-4t","category-mitja","category-general","category-portada"],"post_mailing_queue_ids":[],"_links":{"self":[{"href":"https:\/\/agora.xtec.cat\/escolabacdecerdanya\/wp-json\/wp\/v2\/posts\/4083","targetHints":{"allow":["GET"]}}],"collection":[{"href":"https:\/\/agora.xtec.cat\/escolabacdecerdanya\/wp-json\/wp\/v2\/posts"}],"about":[{"href":"https:\/\/agora.xtec.cat\/escolabacdecerdanya\/wp-json\/wp\/v2\/types\/post"}],"author":[{"embeddable":true,"href":"https:\/\/agora.xtec.cat\/escolabacdecerdanya\/wp-json\/wp\/v2\/users\/32"}],"replies":[{"embeddable":true,"href":"https:\/\/agora.xtec.cat\/escolabacdecerdanya\/wp-json\/wp\/v2\/comments?post=4083"}],"version-history":[{"count":1,"href":"https:\/\/agora.xtec.cat\/escolabacdecerdanya\/wp-json\/wp\/v2\/posts\/4083\/revisions"}],"predecessor-version":[{"id":4085,"href":"https:\/\/agora.xtec.cat\/escolabacdecerdanya\/wp-json\/wp\/v2\/posts\/4083\/revisions\/4085"}],"wp:featuredmedia":[{"embeddable":true,"href":"https:\/\/agora.xtec.cat\/escolabacdecerdanya\/wp-json\/wp\/v2\/media\/4084"}],"wp:attachment":[{"href":"https:\/\/agora.xtec.cat\/escolabacdecerdanya\/wp-json\/wp\/v2\/media?parent=4083"}],"wp:term":[{"taxonomy":"category","embeddable":true,"href":"https:\/\/agora.xtec.cat\/escolabacdecerdanya\/wp-json\/wp\/v2\/categories?post=4083"},{"taxonomy":"post_tag","embeddable":true,"href":"https:\/\/agora.xtec.cat\/escolabacdecerdanya\/wp-json\/wp\/v2\/tags?post=4083"}],"curies":[{"name":"wp","href":"https:\/\/api.w.org\/{rel}","templated":true}]}}