{"id":4074,"date":"2021-10-14T18:58:14","date_gmt":"2021-10-14T16:58:14","guid":{"rendered":"https:\/\/agora.xtec.cat\/escolabacdecerdanya\/?p=4074"},"modified":"2021-10-21T13:18:23","modified_gmt":"2021-10-21T11:18:23","slug":"disseccio-duna-truita","status":"publish","type":"post","link":"https:\/\/agora.xtec.cat\/escolabacdecerdanya\/general\/disseccio-duna-truita\/","title":{"rendered":"Dissecci\u00f3 d\u2019una truita"},"content":{"rendered":"<p>Durant el projecte de la sortida a Malniu hem vist que la truita \u00e9s una esp\u00e8cie invasora dins l&#8217;estany que ha fet variar molt el seu ecosistema. Despr\u00e9s de tan parlar-ne i per finalitzar el projecte, hem volgut saber com \u00e9s una truita mediterr\u00e0nia per fora i tamb\u00e9 per dins, aix\u00ed que n&#8217;hem pogut observar una i amb ajuda d&#8217;alguns estris n&#8217;hem fet la dissecci\u00f3.<\/p>\n<p style=\"text-align: center\"><a href=\"https:\/\/agora.xtec.cat\/escolabacdecerdanya\/wp-content\/uploads\/usu1753\/2021\/10\/bona.jpg\"><img loading=\"lazy\" decoding=\"async\" class=\"alignnone  wp-image-4087\" src=\"https:\/\/agora.xtec.cat\/escolabacdecerdanya\/wp-content\/uploads\/usu1753\/2021\/10\/bona-1024x768.jpg\" alt=\"\" width=\"292\" height=\"219\" srcset=\"https:\/\/agora.xtec.cat\/escolabacdecerdanya\/wp-content\/uploads\/usu1753\/2021\/10\/bona-1024x768.jpg 1024w, https:\/\/agora.xtec.cat\/escolabacdecerdanya\/wp-content\/uploads\/usu1753\/2021\/10\/bona-300x225.jpg 300w, https:\/\/agora.xtec.cat\/escolabacdecerdanya\/wp-content\/uploads\/usu1753\/2021\/10\/bona-768x576.jpg 768w, https:\/\/agora.xtec.cat\/escolabacdecerdanya\/wp-content\/uploads\/usu1753\/2021\/10\/bona-1536x1152.jpg 1536w, https:\/\/agora.xtec.cat\/escolabacdecerdanya\/wp-content\/uploads\/usu1753\/2021\/10\/bona-200x150.jpg 200w, https:\/\/agora.xtec.cat\/escolabacdecerdanya\/wp-content\/uploads\/usu1753\/2021\/10\/bona.jpg 2016w\" sizes=\"auto, (max-width: 292px) 100vw, 292px\" \/><\/a><\/p>\n<p style=\"text-align: center\">\n","protected":false},"excerpt":{"rendered":"<p>Durant el projecte de la sortida a Malniu hem vist que la truita \u00e9s una esp\u00e8cie invasora dins l&#8217;estany que ha fet variar molt el seu ecosistema. Despr\u00e9s de tan parlar-ne i per finalitzar el projecte, hem volgut saber com \u00e9s una truita mediterr\u00e0nia per&hellip;  <a href=\"https:\/\/agora.xtec.cat\/escolabacdecerdanya\/general\/disseccio-duna-truita\/\" title=\"Read Dissecci\u00f3 d\u2019una truita\">Llegeix m\u00e9s\u00bb<\/a><\/p>\n","protected":false},"author":27,"featured_media":4075,"comment_status":"open","ping_status":"closed","sticky":false,"template":"","format":"standard","meta":{"_bbp_topic_count":0,"_bbp_reply_count":0,"_bbp_total_topic_count":0,"_bbp_total_reply_count":0,"_bbp_voice_count":0,"_bbp_anonymous_reply_count":0,"_bbp_topic_count_hidden":0,"_bbp_reply_count_hidden":0,"_bbp_forum_subforum_count":0,"footnotes":""},"categories":[76,1,4],"tags":[],"class_list":["post-4074","post","type-post","status-publish","format-standard","has-post-thumbnail","hentry","category-cicle-superior","category-general","category-portada"],"post_mailing_queue_ids":[],"_links":{"self":[{"href":"https:\/\/agora.xtec.cat\/escolabacdecerdanya\/wp-json\/wp\/v2\/posts\/4074","targetHints":{"allow":["GET"]}}],"collection":[{"href":"https:\/\/agora.xtec.cat\/escolabacdecerdanya\/wp-json\/wp\/v2\/posts"}],"about":[{"href":"https:\/\/agora.xtec.cat\/escolabacdecerdanya\/wp-json\/wp\/v2\/types\/post"}],"author":[{"embeddable":true,"href":"https:\/\/agora.xtec.cat\/escolabacdecerdanya\/wp-json\/wp\/v2\/users\/27"}],"replies":[{"embeddable":true,"href":"https:\/\/agora.xtec.cat\/escolabacdecerdanya\/wp-json\/wp\/v2\/comments?post=4074"}],"version-history":[{"count":3,"href":"https:\/\/agora.xtec.cat\/escolabacdecerdanya\/wp-json\/wp\/v2\/posts\/4074\/revisions"}],"predecessor-version":[{"id":4088,"href":"https:\/\/agora.xtec.cat\/escolabacdecerdanya\/wp-json\/wp\/v2\/posts\/4074\/revisions\/4088"}],"wp:featuredmedia":[{"embeddable":true,"href":"https:\/\/agora.xtec.cat\/escolabacdecerdanya\/wp-json\/wp\/v2\/media\/4075"}],"wp:attachment":[{"href":"https:\/\/agora.xtec.cat\/escolabacdecerdanya\/wp-json\/wp\/v2\/media?parent=4074"}],"wp:term":[{"taxonomy":"category","embeddable":true,"href":"https:\/\/agora.xtec.cat\/escolabacdecerdanya\/wp-json\/wp\/v2\/categories?post=4074"},{"taxonomy":"post_tag","embeddable":true,"href":"https:\/\/agora.xtec.cat\/escolabacdecerdanya\/wp-json\/wp\/v2\/tags?post=4074"}],"curies":[{"name":"wp","href":"https:\/\/api.w.org\/{rel}","templated":true}]}}