{"id":4051,"date":"2021-10-09T09:01:02","date_gmt":"2021-10-09T07:01:02","guid":{"rendered":"https:\/\/agora.xtec.cat\/escolabacdecerdanya\/?p=4051"},"modified":"2021-10-09T09:12:49","modified_gmt":"2021-10-09T07:12:49","slug":"sortida-al-llac-de-malniu-cicle-superior","status":"publish","type":"post","link":"https:\/\/agora.xtec.cat\/escolabacdecerdanya\/general\/sortida-al-llac-de-malniu-cicle-superior\/","title":{"rendered":"Sortida al llac de Malniu.  CICLE SUPERIOR"},"content":{"rendered":"<p>Dimecres passat, 6 d&#8217;octubre, els grups de 5\u00e8 i 6\u00e8 vam anar d&#8217;excursi\u00f3 al llac de Malniu.<\/p>\n<p>L&#8217;autocar ens va deixar a l&#8217;estaci\u00f3 de Guils Fontanera i vam pujar caminant per la GR11 fins a la Feixa. All\u00e0 el Ventura i la Sandra, agents rurals, ens van ajudar a fer una activitat sobre la fauna de la zona. Despr\u00e9s vam continuar el cam\u00ed fins al Llac de Malniu, vam dinar i vam baixar per la vall de Meranges.<\/p>\n<p>Una bona caminada en companyia d&#8217;amics, bolets, molleres i altres troballes !<\/p>\n<p>Si en voleu veure m\u00e9s us deixem un v\u00eddeo resum i un enlla\u00e7 a tooooootes les imatges!<\/p>\n<p>Cliqueu les fotos per entrar-hi.<\/p>\n<p><a href=\"https:\/\/photos.app.goo.gl\/gPtjWHdGi9rGX6RB6\"><img loading=\"lazy\" decoding=\"async\" class=\"wp-image-4052 alignleft\" src=\"https:\/\/agora.xtec.cat\/escolabacdecerdanya\/wp-content\/uploads\/usu1753\/2021\/10\/llac-de-malniu-1024x1024.jpg\" alt=\"\" width=\"317\" height=\"317\" srcset=\"https:\/\/agora.xtec.cat\/escolabacdecerdanya\/wp-content\/uploads\/usu1753\/2021\/10\/llac-de-malniu-1024x1024.jpg 1024w, https:\/\/agora.xtec.cat\/escolabacdecerdanya\/wp-content\/uploads\/usu1753\/2021\/10\/llac-de-malniu-300x300.jpg 300w, https:\/\/agora.xtec.cat\/escolabacdecerdanya\/wp-content\/uploads\/usu1753\/2021\/10\/llac-de-malniu-150x150.jpg 150w, https:\/\/agora.xtec.cat\/escolabacdecerdanya\/wp-content\/uploads\/usu1753\/2021\/10\/llac-de-malniu-768x768.jpg 768w, https:\/\/agora.xtec.cat\/escolabacdecerdanya\/wp-content\/uploads\/usu1753\/2021\/10\/llac-de-malniu.jpg 1512w\" sizes=\"auto, (max-width: 317px) 100vw, 317px\" \/><\/a><\/p>\n<p>&nbsp;<\/p>\n<p>&nbsp;<\/p>\n<p>&nbsp;<\/p>\n<p>&nbsp;<\/p>\n<p>&nbsp;<\/p>\n<p>&nbsp;<\/p>\n<p>&nbsp;<\/p>\n<p>&nbsp;<\/p>\n<p><a href=\"https:\/\/photos.google.com\/u\/2\/share\/AF1QipPjxHS0omNpk-OkFAp2JBB9wb8dMA3k9NOrPpoA_9E4QH3-hptFazD0XHzT_DIz9w\/photo\/AF1QipMe7yedpPePUYT7_5pAJ5BeiyzZ65529PdcJ9ly?key=NExhZHRtSUNwNWNhemZNelRQalFYd00zdV9PRGJ3\"><img loading=\"lazy\" decoding=\"async\" class=\"alignnone wp-image-4053\" src=\"https:\/\/agora.xtec.cat\/escolabacdecerdanya\/wp-content\/uploads\/usu1753\/2021\/10\/video-malniu-1024x473.jpg\" alt=\"\" width=\"390\" height=\"180\" srcset=\"https:\/\/agora.xtec.cat\/escolabacdecerdanya\/wp-content\/uploads\/usu1753\/2021\/10\/video-malniu-1024x473.jpg 1024w, https:\/\/agora.xtec.cat\/escolabacdecerdanya\/wp-content\/uploads\/usu1753\/2021\/10\/video-malniu-300x138.jpg 300w, https:\/\/agora.xtec.cat\/escolabacdecerdanya\/wp-content\/uploads\/usu1753\/2021\/10\/video-malniu-768x354.jpg 768w, https:\/\/agora.xtec.cat\/escolabacdecerdanya\/wp-content\/uploads\/usu1753\/2021\/10\/video-malniu-1536x709.jpg 1536w, https:\/\/agora.xtec.cat\/escolabacdecerdanya\/wp-content\/uploads\/usu1753\/2021\/10\/video-malniu-2048x945.jpg 2048w\" sizes=\"auto, (max-width: 390px) 100vw, 390px\" \/><\/a><\/p>\n","protected":false},"excerpt":{"rendered":"<p>Dimecres passat, 6 d&#8217;octubre, els grups de 5\u00e8 i 6\u00e8 vam anar d&#8217;excursi\u00f3 al llac de Malniu.<br \/>\nL&#8217;autocar ens va deixar a l&#8217;estaci\u00f3 de Guils Fontanera i vam pujar caminant per la GR11 fins a la Feixa. All\u00e0 el Ventura i la Sandra, agents rurals, ens&hellip;  <a href=\"https:\/\/agora.xtec.cat\/escolabacdecerdanya\/general\/sortida-al-llac-de-malniu-cicle-superior\/\" title=\"Read Sortida al llac de Malniu.  CICLE SUPERIOR\">Llegeix m\u00e9s\u00bb<\/a><\/p>\n","protected":false},"author":8,"featured_media":4052,"comment_status":"open","ping_status":"closed","sticky":false,"template":"","format":"standard","meta":{"_bbp_topic_count":0,"_bbp_reply_count":0,"_bbp_total_topic_count":0,"_bbp_total_reply_count":0,"_bbp_voice_count":0,"_bbp_anonymous_reply_count":0,"_bbp_topic_count_hidden":0,"_bbp_reply_count_hidden":0,"_bbp_forum_subforum_count":0,"footnotes":""},"categories":[14,15,76,1,4,86],"tags":[],"class_list":["post-4051","post","type-post","status-publish","format-standard","has-post-thumbnail","hentry","category-5e","category-6e","category-cicle-superior","category-general","category-portada","category-sortida"],"post_mailing_queue_ids":[],"_links":{"self":[{"href":"https:\/\/agora.xtec.cat\/escolabacdecerdanya\/wp-json\/wp\/v2\/posts\/4051","targetHints":{"allow":["GET"]}}],"collection":[{"href":"https:\/\/agora.xtec.cat\/escolabacdecerdanya\/wp-json\/wp\/v2\/posts"}],"about":[{"href":"https:\/\/agora.xtec.cat\/escolabacdecerdanya\/wp-json\/wp\/v2\/types\/post"}],"author":[{"embeddable":true,"href":"https:\/\/agora.xtec.cat\/escolabacdecerdanya\/wp-json\/wp\/v2\/users\/8"}],"replies":[{"embeddable":true,"href":"https:\/\/agora.xtec.cat\/escolabacdecerdanya\/wp-json\/wp\/v2\/comments?post=4051"}],"version-history":[{"count":3,"href":"https:\/\/agora.xtec.cat\/escolabacdecerdanya\/wp-json\/wp\/v2\/posts\/4051\/revisions"}],"predecessor-version":[{"id":4058,"href":"https:\/\/agora.xtec.cat\/escolabacdecerdanya\/wp-json\/wp\/v2\/posts\/4051\/revisions\/4058"}],"wp:featuredmedia":[{"embeddable":true,"href":"https:\/\/agora.xtec.cat\/escolabacdecerdanya\/wp-json\/wp\/v2\/media\/4052"}],"wp:attachment":[{"href":"https:\/\/agora.xtec.cat\/escolabacdecerdanya\/wp-json\/wp\/v2\/media?parent=4051"}],"wp:term":[{"taxonomy":"category","embeddable":true,"href":"https:\/\/agora.xtec.cat\/escolabacdecerdanya\/wp-json\/wp\/v2\/categories?post=4051"},{"taxonomy":"post_tag","embeddable":true,"href":"https:\/\/agora.xtec.cat\/escolabacdecerdanya\/wp-json\/wp\/v2\/tags?post=4051"}],"curies":[{"name":"wp","href":"https:\/\/api.w.org\/{rel}","templated":true}]}}