{"id":4039,"date":"2021-10-05T13:03:23","date_gmt":"2021-10-05T11:03:23","guid":{"rendered":"https:\/\/agora.xtec.cat\/escolabacdecerdanya\/?p=4039"},"modified":"2021-10-13T13:12:35","modified_gmt":"2021-10-13T11:12:35","slug":"inici-de-curs-p-4","status":"publish","type":"post","link":"https:\/\/agora.xtec.cat\/escolabacdecerdanya\/general\/inici-de-curs-p-4\/","title":{"rendered":"INICI DE CURS P-4"},"content":{"rendered":"<p>Benvolgudes fam\u00edlies,<\/p>\n<p>hem iniciat el curs amb moltes ganes i il\u00b7lusi\u00f3. A poc a poc ens hem adaptat als nous reptes que se&#8217;ns presenten. Aqu\u00ed us deixem un petit resum d&#8217;algunes de les activitats que hem realitzat durant el mes de setembre. Sobretot perqu\u00e8 veieu que b\u00e9 que ens ho passem.<br \/>\nUna imatge val m\u00e9s que mil paraules.<\/p>\n<p>Cliqueu o copieu l&#8217;enlla\u00e7 i podreu veure el v\u00eddeo:<\/p>\n<p><a href=\"https:\/\/photos.app.goo.gl\/q534ejehWG4bJyw59\">https:\/\/photos.app.goo.gl\/q534ejehWG4bJyw59<\/a><\/p>\n","protected":false},"excerpt":{"rendered":"<p>Benvolgudes fam\u00edlies,<br \/>\nhem iniciat el curs amb moltes ganes i il\u00b7lusi\u00f3. A poc a poc ens hem adaptat als nous reptes que se&#8217;ns presenten. Aqu\u00ed us deixem un petit resum d&#8217;algunes de les activitats que hem realitzat durant el mes de setembre. Sobretot perqu\u00e8 veieu que&hellip;  <a href=\"https:\/\/agora.xtec.cat\/escolabacdecerdanya\/general\/inici-de-curs-p-4\/\" title=\"Read INICI DE CURS P-4\">Llegeix m\u00e9s\u00bb<\/a><\/p>\n","protected":false},"author":32,"featured_media":4040,"comment_status":"open","ping_status":"closed","sticky":false,"template":"","format":"standard","meta":{"_bbp_topic_count":0,"_bbp_reply_count":0,"_bbp_total_topic_count":0,"_bbp_total_reply_count":0,"_bbp_voice_count":0,"_bbp_anonymous_reply_count":0,"_bbp_topic_count_hidden":0,"_bbp_reply_count_hidden":0,"_bbp_forum_subforum_count":0,"footnotes":""},"categories":[103,1,8,4],"tags":[],"class_list":["post-4039","post","type-post","status-publish","format-standard","has-post-thumbnail","hentry","category-infantil-2","category-general","category-p4","category-portada"],"post_mailing_queue_ids":[],"_links":{"self":[{"href":"https:\/\/agora.xtec.cat\/escolabacdecerdanya\/wp-json\/wp\/v2\/posts\/4039","targetHints":{"allow":["GET"]}}],"collection":[{"href":"https:\/\/agora.xtec.cat\/escolabacdecerdanya\/wp-json\/wp\/v2\/posts"}],"about":[{"href":"https:\/\/agora.xtec.cat\/escolabacdecerdanya\/wp-json\/wp\/v2\/types\/post"}],"author":[{"embeddable":true,"href":"https:\/\/agora.xtec.cat\/escolabacdecerdanya\/wp-json\/wp\/v2\/users\/32"}],"replies":[{"embeddable":true,"href":"https:\/\/agora.xtec.cat\/escolabacdecerdanya\/wp-json\/wp\/v2\/comments?post=4039"}],"version-history":[{"count":3,"href":"https:\/\/agora.xtec.cat\/escolabacdecerdanya\/wp-json\/wp\/v2\/posts\/4039\/revisions"}],"predecessor-version":[{"id":4067,"href":"https:\/\/agora.xtec.cat\/escolabacdecerdanya\/wp-json\/wp\/v2\/posts\/4039\/revisions\/4067"}],"wp:featuredmedia":[{"embeddable":true,"href":"https:\/\/agora.xtec.cat\/escolabacdecerdanya\/wp-json\/wp\/v2\/media\/4040"}],"wp:attachment":[{"href":"https:\/\/agora.xtec.cat\/escolabacdecerdanya\/wp-json\/wp\/v2\/media?parent=4039"}],"wp:term":[{"taxonomy":"category","embeddable":true,"href":"https:\/\/agora.xtec.cat\/escolabacdecerdanya\/wp-json\/wp\/v2\/categories?post=4039"},{"taxonomy":"post_tag","embeddable":true,"href":"https:\/\/agora.xtec.cat\/escolabacdecerdanya\/wp-json\/wp\/v2\/tags?post=4039"}],"curies":[{"name":"wp","href":"https:\/\/api.w.org\/{rel}","templated":true}]}}