{"id":4037,"date":"2021-10-03T20:44:06","date_gmt":"2021-10-03T18:44:06","guid":{"rendered":"https:\/\/agora.xtec.cat\/escolabacdecerdanya\/?p=4037"},"modified":"2021-10-03T20:44:06","modified_gmt":"2021-10-03T18:44:06","slug":"sortida-a-prat-de-cadi-cm","status":"publish","type":"post","link":"https:\/\/agora.xtec.cat\/escolabacdecerdanya\/general\/sortida-a-prat-de-cadi-cm\/","title":{"rendered":"Sortida a Prat de Cad\u00ed CM"},"content":{"rendered":"<p>El passat dimecres 29 de setembre els alumnes de 3r i 4t de cicle mitj\u00e0 vam anar d&#8217;excursi\u00f3 a Prat de Cad\u00ed.<\/p>\n<p>Primer, vam haver d&#8217;anar en autob\u00fas fins Estana i des d&#8217;all\u00e0 comen\u00e7ar l&#8217;excursi\u00f3 a peu fins a Prat de Cad\u00ed. Durant l&#8217;excursi\u00f3 ens va acompanya la Sara, una guia del Parc Natural del Cad\u00ed Moixer\u00f3. La Sara en va explicar la import\u00e0ncia de tenir un Parc Natural, ens va ensenyar a estimar i cuidar la natura, i ens va fer posar els 5 sentits en marxa per observar el nostre entorn. Ens vam fixar sobretot en el boix i el ginebr\u00f3, i fins i tot vam observar rastres d&#8217;animals, com l&#8217;excrement d&#8217;una guineu.<\/p>\n<p>Ens vam sentir molt afortunats quan v\u00e0rem arribar a Prat de Cad\u00ed ja que vam poder gaudir d&#8217;aquell gran prat verd i impressionants parets i canals per nosaltres sols. All\u00e0 vam dinar, vam c\u00f3rrer i vam gaudir de la tranquil\u00b7litat i la pau que desprenia aquell fant\u00e0stic entorn.<\/p>\n<p>Si voleu veure m\u00e9s fotografies cliqueu la imatge.<\/p>\n<p><a href=\"https:\/\/photos.app.goo.gl\/2hdpNffpq89qD7weA\"><img loading=\"lazy\" decoding=\"async\" class=\"alignnone size-medium wp-image-4023 aligncenter\" src=\"https:\/\/agora.xtec.cat\/escolabacdecerdanya\/wp-content\/uploads\/usu1753\/2021\/10\/IMG_20211001_204823-300x263.jpg\" alt=\"\" width=\"300\" height=\"263\" srcset=\"https:\/\/agora.xtec.cat\/escolabacdecerdanya\/wp-content\/uploads\/usu1753\/2021\/10\/IMG_20211001_204823-300x263.jpg 300w, https:\/\/agora.xtec.cat\/escolabacdecerdanya\/wp-content\/uploads\/usu1753\/2021\/10\/IMG_20211001_204823-768x674.jpg 768w, https:\/\/agora.xtec.cat\/escolabacdecerdanya\/wp-content\/uploads\/usu1753\/2021\/10\/IMG_20211001_204823.jpg 870w\" sizes=\"auto, (max-width: 300px) 100vw, 300px\" \/><\/a><\/p>\n","protected":false},"excerpt":{"rendered":"<p>El passat dimecres 29 de setembre els alumnes de 3r i 4t de cicle mitj\u00e0 vam anar d&#8217;excursi\u00f3 a Prat de Cad\u00ed.<br \/>\nPrimer, vam haver d&#8217;anar en autob\u00fas fins Estana i des d&#8217;all\u00e0 comen\u00e7ar l&#8217;excursi\u00f3 a peu fins a Prat de Cad\u00ed. Durant l&#8217;excursi\u00f3 ens va&hellip;  <a href=\"https:\/\/agora.xtec.cat\/escolabacdecerdanya\/general\/sortida-a-prat-de-cadi-cm\/\" title=\"Read Sortida a Prat de Cad\u00ed CM\">Llegeix m\u00e9s\u00bb<\/a><\/p>\n","protected":false},"author":32,"featured_media":4023,"comment_status":"open","ping_status":"closed","sticky":false,"template":"","format":"standard","meta":{"_bbp_topic_count":0,"_bbp_reply_count":0,"_bbp_total_topic_count":0,"_bbp_total_reply_count":0,"_bbp_voice_count":0,"_bbp_anonymous_reply_count":0,"_bbp_topic_count_hidden":0,"_bbp_reply_count_hidden":0,"_bbp_forum_subforum_count":0,"footnotes":""},"categories":[12,13,105,1,4],"tags":[],"class_list":["post-4037","post","type-post","status-publish","format-standard","has-post-thumbnail","hentry","category-3r","category-4t","category-mitja","category-general","category-portada"],"post_mailing_queue_ids":[],"_links":{"self":[{"href":"https:\/\/agora.xtec.cat\/escolabacdecerdanya\/wp-json\/wp\/v2\/posts\/4037","targetHints":{"allow":["GET"]}}],"collection":[{"href":"https:\/\/agora.xtec.cat\/escolabacdecerdanya\/wp-json\/wp\/v2\/posts"}],"about":[{"href":"https:\/\/agora.xtec.cat\/escolabacdecerdanya\/wp-json\/wp\/v2\/types\/post"}],"author":[{"embeddable":true,"href":"https:\/\/agora.xtec.cat\/escolabacdecerdanya\/wp-json\/wp\/v2\/users\/32"}],"replies":[{"embeddable":true,"href":"https:\/\/agora.xtec.cat\/escolabacdecerdanya\/wp-json\/wp\/v2\/comments?post=4037"}],"version-history":[{"count":1,"href":"https:\/\/agora.xtec.cat\/escolabacdecerdanya\/wp-json\/wp\/v2\/posts\/4037\/revisions"}],"predecessor-version":[{"id":4038,"href":"https:\/\/agora.xtec.cat\/escolabacdecerdanya\/wp-json\/wp\/v2\/posts\/4037\/revisions\/4038"}],"wp:featuredmedia":[{"embeddable":true,"href":"https:\/\/agora.xtec.cat\/escolabacdecerdanya\/wp-json\/wp\/v2\/media\/4023"}],"wp:attachment":[{"href":"https:\/\/agora.xtec.cat\/escolabacdecerdanya\/wp-json\/wp\/v2\/media?parent=4037"}],"wp:term":[{"taxonomy":"category","embeddable":true,"href":"https:\/\/agora.xtec.cat\/escolabacdecerdanya\/wp-json\/wp\/v2\/categories?post=4037"},{"taxonomy":"post_tag","embeddable":true,"href":"https:\/\/agora.xtec.cat\/escolabacdecerdanya\/wp-json\/wp\/v2\/tags?post=4037"}],"curies":[{"name":"wp","href":"https:\/\/api.w.org\/{rel}","templated":true}]}}