{"id":4022,"date":"2021-10-01T20:52:41","date_gmt":"2021-10-01T18:52:41","guid":{"rendered":"https:\/\/agora.xtec.cat\/escolabacdecerdanya\/?p=4022"},"modified":"2021-10-01T20:59:23","modified_gmt":"2021-10-01T18:59:23","slug":"sortida-a-prat-de-cadi-3","status":"publish","type":"post","link":"https:\/\/agora.xtec.cat\/escolabacdecerdanya\/general\/sortida-a-prat-de-cadi-3\/","title":{"rendered":"Sortida a Prat de Cad\u00ed"},"content":{"rendered":"<p>Caminada espectacular! D&#8217;Estana fins als peus del Cad\u00ed! Hem estudiat la flora i la fauna de la zona, al mateix temps que hem gaudit de l&#8217;activitat f\u00edsica a la nostra comarca. Donen les gr\u00e0cies a la Sara, t\u00e8cnica del Parc Natural del Cad\u00ed-Moixer\u00f3, per haver-nos ensenyat tantes coses de la natura!<\/p>\n<p><a href=\"https:\/\/photos.app.goo.gl\/2hdpNffpq89qD7weA\">FOTOS<img loading=\"lazy\" decoding=\"async\" class=\"alignleft size-full wp-image-4023\" src=\"https:\/\/agora.xtec.cat\/escolabacdecerdanya\/wp-content\/uploads\/usu1753\/2021\/10\/IMG_20211001_204823.jpg\" alt=\"\" width=\"870\" height=\"763\" srcset=\"https:\/\/agora.xtec.cat\/escolabacdecerdanya\/wp-content\/uploads\/usu1753\/2021\/10\/IMG_20211001_204823.jpg 870w, https:\/\/agora.xtec.cat\/escolabacdecerdanya\/wp-content\/uploads\/usu1753\/2021\/10\/IMG_20211001_204823-300x263.jpg 300w, https:\/\/agora.xtec.cat\/escolabacdecerdanya\/wp-content\/uploads\/usu1753\/2021\/10\/IMG_20211001_204823-768x674.jpg 768w\" sizes=\"auto, (max-width: 870px) 100vw, 870px\" \/><\/a><\/p>\n","protected":false},"excerpt":{"rendered":"<p>Caminada espectacular! D&#8217;Estana fins als peus del Cad\u00ed! Hem estudiat la flora i la fauna de la zona, al mateix temps que hem gaudit de l&#8217;activitat f\u00edsica a la nostra comarca. Donen les gr\u00e0cies a la Sara, t\u00e8cnica del Parc Natural del Cad\u00ed-Moixer\u00f3, per haver-nos&hellip;  <a href=\"https:\/\/agora.xtec.cat\/escolabacdecerdanya\/general\/sortida-a-prat-de-cadi-3\/\" title=\"Read Sortida a Prat de Cad\u00ed\">Llegeix m\u00e9s\u00bb<\/a><\/p>\n","protected":false},"author":1,"featured_media":4023,"comment_status":"open","ping_status":"closed","sticky":false,"template":"","format":"standard","meta":{"_bbp_topic_count":0,"_bbp_reply_count":0,"_bbp_total_topic_count":0,"_bbp_total_reply_count":0,"_bbp_voice_count":0,"_bbp_anonymous_reply_count":0,"_bbp_topic_count_hidden":0,"_bbp_reply_count_hidden":0,"_bbp_forum_subforum_count":0,"footnotes":""},"categories":[12,13,105,1,4,86],"tags":[],"class_list":["post-4022","post","type-post","status-publish","format-standard","has-post-thumbnail","hentry","category-3r","category-4t","category-mitja","category-general","category-portada","category-sortida"],"post_mailing_queue_ids":[],"_links":{"self":[{"href":"https:\/\/agora.xtec.cat\/escolabacdecerdanya\/wp-json\/wp\/v2\/posts\/4022","targetHints":{"allow":["GET"]}}],"collection":[{"href":"https:\/\/agora.xtec.cat\/escolabacdecerdanya\/wp-json\/wp\/v2\/posts"}],"about":[{"href":"https:\/\/agora.xtec.cat\/escolabacdecerdanya\/wp-json\/wp\/v2\/types\/post"}],"author":[{"embeddable":true,"href":"https:\/\/agora.xtec.cat\/escolabacdecerdanya\/wp-json\/wp\/v2\/users\/1"}],"replies":[{"embeddable":true,"href":"https:\/\/agora.xtec.cat\/escolabacdecerdanya\/wp-json\/wp\/v2\/comments?post=4022"}],"version-history":[{"count":2,"href":"https:\/\/agora.xtec.cat\/escolabacdecerdanya\/wp-json\/wp\/v2\/posts\/4022\/revisions"}],"predecessor-version":[{"id":4025,"href":"https:\/\/agora.xtec.cat\/escolabacdecerdanya\/wp-json\/wp\/v2\/posts\/4022\/revisions\/4025"}],"wp:featuredmedia":[{"embeddable":true,"href":"https:\/\/agora.xtec.cat\/escolabacdecerdanya\/wp-json\/wp\/v2\/media\/4023"}],"wp:attachment":[{"href":"https:\/\/agora.xtec.cat\/escolabacdecerdanya\/wp-json\/wp\/v2\/media?parent=4022"}],"wp:term":[{"taxonomy":"category","embeddable":true,"href":"https:\/\/agora.xtec.cat\/escolabacdecerdanya\/wp-json\/wp\/v2\/categories?post=4022"},{"taxonomy":"post_tag","embeddable":true,"href":"https:\/\/agora.xtec.cat\/escolabacdecerdanya\/wp-json\/wp\/v2\/tags?post=4022"}],"curies":[{"name":"wp","href":"https:\/\/api.w.org\/{rel}","templated":true}]}}