{"id":4003,"date":"2021-09-25T16:10:26","date_gmt":"2021-09-25T14:10:26","guid":{"rendered":"https:\/\/agora.xtec.cat\/escolabacdecerdanya\/?p=4003"},"modified":"2021-09-25T16:10:26","modified_gmt":"2021-09-25T14:10:26","slug":"la-rentree-3r-i-4t","status":"publish","type":"post","link":"https:\/\/agora.xtec.cat\/escolabacdecerdanya\/general\/la-rentree-3r-i-4t\/","title":{"rendered":"LA RENTR\u00c9E (3R I 4T)"},"content":{"rendered":"<p>On a commenc\u00e9 les classes de fran\u00e7ais. Les \u00e9l\u00e8ves de 3r et 4t cours ont a appris \u00e0 saluer, \u00e0 se pr\u00e9senter, \u00e0 s&#8217;exprimer \u00e0 l&#8217;oral,&#8230; \u00e0 l&#8217;aide des jeux. En plus, ils ont fait un puzzle sur les objectives de l&#8217;unit\u00e9. Bonne rentr\u00e9e \u00e0 tous!\u00a0 (Han comen\u00e7at les classes de franc\u00e8s. Els alumnes de tercer i quart han apr\u00e8s a saludar, a presentar-se i a expressar-se en fran\u00e7ais a trav\u00e9s de jocs. A m\u00e9s a m\u00e9s, han fet un puzzle sobre els objectius de la unitat. Bona tornada a tots!)<\/p>\n<p><a href=\"https:\/\/photos.app.goo.gl\/F7dqinwWSbZmnL397\"><img loading=\"lazy\" decoding=\"async\" class=\"aligncenter wp-image-4004 size-medium\" src=\"https:\/\/agora.xtec.cat\/escolabacdecerdanya\/wp-content\/uploads\/usu1753\/2021\/09\/Captura-29-300x169.png\" alt=\"\" width=\"300\" height=\"169\" srcset=\"https:\/\/agora.xtec.cat\/escolabacdecerdanya\/wp-content\/uploads\/usu1753\/2021\/09\/Captura-29-300x169.png 300w, https:\/\/agora.xtec.cat\/escolabacdecerdanya\/wp-content\/uploads\/usu1753\/2021\/09\/Captura-29-768x433.png 768w, https:\/\/agora.xtec.cat\/escolabacdecerdanya\/wp-content\/uploads\/usu1753\/2021\/09\/Captura-29.png 1001w\" sizes=\"auto, (max-width: 300px) 100vw, 300px\" \/><\/a><\/p>\n","protected":false},"excerpt":{"rendered":"<p>On a commenc\u00e9 les classes de fran\u00e7ais. Les \u00e9l\u00e8ves de 3r et 4t cours ont a appris \u00e0 saluer, \u00e0 se pr\u00e9senter, \u00e0 s&#8217;exprimer \u00e0 l&#8217;oral,&#8230; \u00e0 l&#8217;aide des jeux. En plus, ils ont fait un puzzle sur les objectives de l&#8217;unit\u00e9. Bonne rentr\u00e9e \u00e0&hellip;  <a href=\"https:\/\/agora.xtec.cat\/escolabacdecerdanya\/general\/la-rentree-3r-i-4t\/\" title=\"Read LA RENTR\u00c9E (3R I 4T)\">Llegeix m\u00e9s\u00bb<\/a><\/p>\n","protected":false},"author":6,"featured_media":4004,"comment_status":"open","ping_status":"closed","sticky":false,"template":"","format":"standard","meta":{"_bbp_topic_count":0,"_bbp_reply_count":0,"_bbp_total_topic_count":0,"_bbp_total_reply_count":0,"_bbp_voice_count":0,"_bbp_anonymous_reply_count":0,"_bbp_topic_count_hidden":0,"_bbp_reply_count_hidden":0,"_bbp_forum_subforum_count":0,"footnotes":""},"categories":[12,13,105,156,1,162,61,4],"tags":[],"class_list":["post-4003","post","type-post","status-publish","format-standard","has-post-thumbnail","hentry","category-3r","category-4t","category-mitja","category-francais","category-general","category-llengues-estrangeres","category-novetats","category-portada"],"post_mailing_queue_ids":[],"_links":{"self":[{"href":"https:\/\/agora.xtec.cat\/escolabacdecerdanya\/wp-json\/wp\/v2\/posts\/4003","targetHints":{"allow":["GET"]}}],"collection":[{"href":"https:\/\/agora.xtec.cat\/escolabacdecerdanya\/wp-json\/wp\/v2\/posts"}],"about":[{"href":"https:\/\/agora.xtec.cat\/escolabacdecerdanya\/wp-json\/wp\/v2\/types\/post"}],"author":[{"embeddable":true,"href":"https:\/\/agora.xtec.cat\/escolabacdecerdanya\/wp-json\/wp\/v2\/users\/6"}],"replies":[{"embeddable":true,"href":"https:\/\/agora.xtec.cat\/escolabacdecerdanya\/wp-json\/wp\/v2\/comments?post=4003"}],"version-history":[{"count":2,"href":"https:\/\/agora.xtec.cat\/escolabacdecerdanya\/wp-json\/wp\/v2\/posts\/4003\/revisions"}],"predecessor-version":[{"id":4006,"href":"https:\/\/agora.xtec.cat\/escolabacdecerdanya\/wp-json\/wp\/v2\/posts\/4003\/revisions\/4006"}],"wp:featuredmedia":[{"embeddable":true,"href":"https:\/\/agora.xtec.cat\/escolabacdecerdanya\/wp-json\/wp\/v2\/media\/4004"}],"wp:attachment":[{"href":"https:\/\/agora.xtec.cat\/escolabacdecerdanya\/wp-json\/wp\/v2\/media?parent=4003"}],"wp:term":[{"taxonomy":"category","embeddable":true,"href":"https:\/\/agora.xtec.cat\/escolabacdecerdanya\/wp-json\/wp\/v2\/categories?post=4003"},{"taxonomy":"post_tag","embeddable":true,"href":"https:\/\/agora.xtec.cat\/escolabacdecerdanya\/wp-json\/wp\/v2\/tags?post=4003"}],"curies":[{"name":"wp","href":"https:\/\/api.w.org\/{rel}","templated":true}]}}