{"id":3961,"date":"2021-07-01T09:27:44","date_gmt":"2021-07-01T07:27:44","guid":{"rendered":"http:\/\/agora.xtec.cat\/escolabacdecerdanya\/?p=3961"},"modified":"2021-07-01T09:27:44","modified_gmt":"2021-07-01T07:27:44","slug":"hotel-dinsectes","status":"publish","type":"post","link":"https:\/\/agora.xtec.cat\/escolabacdecerdanya\/general\/hotel-dinsectes\/","title":{"rendered":"Hotel d\u2019insectes"},"content":{"rendered":"<p>Aquest trimestre a la classe de sis\u00e8 hem treballat el projecte &#8220;Els insectes&#8221;. Hem apr\u00e8s moltes coses sobre aquests invertebrats i tamb\u00e9 hem dissenyat un hotel pel pati perqu\u00e8 tinguin un h\u00e0bitat adequat on viure. Hem d&#8217;agrair la construcci\u00f3 de l&#8217;hotel al pare del Francesc, el Josep M\u00aa Carol, que ens ha fet l&#8217;estructura tal i com nosaltres l&#8217;hav\u00edem pensat. Moltes gr\u00e0cies!<\/p>\n<p><a href=\"https:\/\/photos.app.goo.gl\/eWJRMYFWiDT3cQtq9\"><img loading=\"lazy\" decoding=\"async\" class=\"wp-image-3962 aligncenter\" src=\"https:\/\/agora.xtec.cat\/escolabacdecerdanya\/wp-content\/uploads\/usu1753\/2021\/07\/81374E39-6187-4566-9A1B-0C45905341E4-1024x768.jpg\" alt=\"\" width=\"325\" height=\"244\" srcset=\"https:\/\/agora.xtec.cat\/escolabacdecerdanya\/wp-content\/uploads\/usu1753\/2021\/07\/81374E39-6187-4566-9A1B-0C45905341E4-1024x768.jpg 1024w, https:\/\/agora.xtec.cat\/escolabacdecerdanya\/wp-content\/uploads\/usu1753\/2021\/07\/81374E39-6187-4566-9A1B-0C45905341E4-300x225.jpg 300w, https:\/\/agora.xtec.cat\/escolabacdecerdanya\/wp-content\/uploads\/usu1753\/2021\/07\/81374E39-6187-4566-9A1B-0C45905341E4-768x576.jpg 768w, https:\/\/agora.xtec.cat\/escolabacdecerdanya\/wp-content\/uploads\/usu1753\/2021\/07\/81374E39-6187-4566-9A1B-0C45905341E4-200x150.jpg 200w, https:\/\/agora.xtec.cat\/escolabacdecerdanya\/wp-content\/uploads\/usu1753\/2021\/07\/81374E39-6187-4566-9A1B-0C45905341E4.jpg 2016w\" sizes=\"auto, (max-width: 325px) 100vw, 325px\" \/><\/a><\/p>\n","protected":false},"excerpt":{"rendered":"<p>Aquest trimestre a la classe de sis\u00e8 hem treballat el projecte &#8220;Els insectes&#8221;. Hem apr\u00e8s moltes coses sobre aquests invertebrats i tamb\u00e9 hem dissenyat un hotel pel pati perqu\u00e8 tinguin un h\u00e0bitat adequat on viure. Hem d&#8217;agrair la construcci\u00f3 de l&#8217;hotel al pare del Francesc,&hellip;  <a href=\"https:\/\/agora.xtec.cat\/escolabacdecerdanya\/general\/hotel-dinsectes\/\" title=\"Read Hotel d\u2019insectes\">Llegeix m\u00e9s\u00bb<\/a><\/p>\n","protected":false},"author":27,"featured_media":3962,"comment_status":"open","ping_status":"closed","sticky":false,"template":"","format":"standard","meta":{"_bbp_topic_count":0,"_bbp_reply_count":0,"_bbp_total_topic_count":0,"_bbp_total_reply_count":0,"_bbp_voice_count":0,"_bbp_anonymous_reply_count":0,"_bbp_topic_count_hidden":0,"_bbp_reply_count_hidden":0,"_bbp_forum_subforum_count":0,"footnotes":""},"categories":[15,76,1,4],"tags":[],"class_list":["post-3961","post","type-post","status-publish","format-standard","has-post-thumbnail","hentry","category-6e","category-cicle-superior","category-general","category-portada"],"post_mailing_queue_ids":[],"_links":{"self":[{"href":"https:\/\/agora.xtec.cat\/escolabacdecerdanya\/wp-json\/wp\/v2\/posts\/3961","targetHints":{"allow":["GET"]}}],"collection":[{"href":"https:\/\/agora.xtec.cat\/escolabacdecerdanya\/wp-json\/wp\/v2\/posts"}],"about":[{"href":"https:\/\/agora.xtec.cat\/escolabacdecerdanya\/wp-json\/wp\/v2\/types\/post"}],"author":[{"embeddable":true,"href":"https:\/\/agora.xtec.cat\/escolabacdecerdanya\/wp-json\/wp\/v2\/users\/27"}],"replies":[{"embeddable":true,"href":"https:\/\/agora.xtec.cat\/escolabacdecerdanya\/wp-json\/wp\/v2\/comments?post=3961"}],"version-history":[{"count":1,"href":"https:\/\/agora.xtec.cat\/escolabacdecerdanya\/wp-json\/wp\/v2\/posts\/3961\/revisions"}],"predecessor-version":[{"id":3963,"href":"https:\/\/agora.xtec.cat\/escolabacdecerdanya\/wp-json\/wp\/v2\/posts\/3961\/revisions\/3963"}],"wp:featuredmedia":[{"embeddable":true,"href":"https:\/\/agora.xtec.cat\/escolabacdecerdanya\/wp-json\/wp\/v2\/media\/3962"}],"wp:attachment":[{"href":"https:\/\/agora.xtec.cat\/escolabacdecerdanya\/wp-json\/wp\/v2\/media?parent=3961"}],"wp:term":[{"taxonomy":"category","embeddable":true,"href":"https:\/\/agora.xtec.cat\/escolabacdecerdanya\/wp-json\/wp\/v2\/categories?post=3961"},{"taxonomy":"post_tag","embeddable":true,"href":"https:\/\/agora.xtec.cat\/escolabacdecerdanya\/wp-json\/wp\/v2\/tags?post=3961"}],"curies":[{"name":"wp","href":"https:\/\/api.w.org\/{rel}","templated":true}]}}