{"id":3948,"date":"2021-06-23T12:30:23","date_gmt":"2021-06-23T10:30:23","guid":{"rendered":"http:\/\/agora.xtec.cat\/escolabacdecerdanya\/?p=3948"},"modified":"2021-06-23T12:30:23","modified_gmt":"2021-06-23T10:30:23","slug":"3r-trimestre-de-1r","status":"publish","type":"post","link":"https:\/\/agora.xtec.cat\/escolabacdecerdanya\/general\/3r-trimestre-de-1r\/","title":{"rendered":"3r trimestre de 1r"},"content":{"rendered":"<p>El final de curs ja ha arribat. Sembla que va ser ahir que comen\u00e7\u00e0vem al setembre plens de dubtes per\u00f2 amb il\u00b7lusi\u00f3 per comen\u00e7ar 1r, l&#8217;escola dels grans!<\/p>\n<p>Aquest 3r trimestre ens hem acabat de cohesionar com a grup i hem fet un munt d&#8217;activitats variades: piscina, lectures, visitar els gegants d&#8217;Alp, jocs, ioga, educaci\u00f3 f\u00edsica, plantar les nostres plantes al pati, educaci\u00f3 vial, hem apr\u00e9s a treballar en petit grup i de forma individual, hem fet experiments a classe\u00a0 i un llarg etcet\u00e8ra d&#8217;activitats variades.<\/p>\n<p>Per\u00f2 el m\u00e9s important de tot \u00e9s que ens hem fet una mica m\u00e9s<span style=\"font-family: inherit;font-size: 1em\">\u00a0grans, aprenent i compartint amb els amics i mestres.\u00a0<\/span><\/p>\n<p>Ara toca descansar una miqueta i gaudir de les vacances ben merescudes.<\/p>\n<p>Us deixem un recull fotogr\u00e0fic d&#8217;aquest 3r trimestre! Cliqueu la fotografia de sota:<\/p>\n<p><a href=\"https:\/\/photos.app.goo.gl\/e1YLJimPU3QrD6hYA\"><img loading=\"lazy\" decoding=\"async\" class=\"size-medium wp-image-3949 aligncenter\" src=\"https:\/\/agora.xtec.cat\/escolabacdecerdanya\/wp-content\/uploads\/usu1753\/2021\/06\/IMG-20210609-WA0014-1-300x300.jpg\" alt=\"\" width=\"300\" height=\"300\" srcset=\"https:\/\/agora.xtec.cat\/escolabacdecerdanya\/wp-content\/uploads\/usu1753\/2021\/06\/IMG-20210609-WA0014-1-300x300.jpg 300w, https:\/\/agora.xtec.cat\/escolabacdecerdanya\/wp-content\/uploads\/usu1753\/2021\/06\/IMG-20210609-WA0014-1-150x150.jpg 150w, https:\/\/agora.xtec.cat\/escolabacdecerdanya\/wp-content\/uploads\/usu1753\/2021\/06\/IMG-20210609-WA0014-1-768x768.jpg 768w, https:\/\/agora.xtec.cat\/escolabacdecerdanya\/wp-content\/uploads\/usu1753\/2021\/06\/IMG-20210609-WA0014-1-1024x1024.jpg 1024w, https:\/\/agora.xtec.cat\/escolabacdecerdanya\/wp-content\/uploads\/usu1753\/2021\/06\/IMG-20210609-WA0014-1.jpg 2048w\" sizes=\"auto, (max-width: 300px) 100vw, 300px\" \/><\/a><\/p>\n","protected":false},"excerpt":{"rendered":"<p>El final de curs ja ha arribat. Sembla que va ser ahir que comen\u00e7\u00e0vem al setembre plens de dubtes per\u00f2 amb il\u00b7lusi\u00f3 per comen\u00e7ar 1r, l&#8217;escola dels grans!<br \/>\nAquest 3r trimestre ens hem acabat de cohesionar com a grup i hem fet un munt d&#8217;activitats variades:&hellip;  <a href=\"https:\/\/agora.xtec.cat\/escolabacdecerdanya\/general\/3r-trimestre-de-1r\/\" title=\"Read 3r trimestre de 1r\">Llegeix m\u00e9s\u00bb<\/a><\/p>\n","protected":false},"author":32,"featured_media":3949,"comment_status":"open","ping_status":"closed","sticky":false,"template":"","format":"standard","meta":{"_bbp_topic_count":0,"_bbp_reply_count":0,"_bbp_total_topic_count":0,"_bbp_total_reply_count":0,"_bbp_voice_count":0,"_bbp_anonymous_reply_count":0,"_bbp_topic_count_hidden":0,"_bbp_reply_count_hidden":0,"_bbp_forum_subforum_count":0,"footnotes":""},"categories":[10,104,1,4],"tags":[],"class_list":["post-3948","post","type-post","status-publish","format-standard","has-post-thumbnail","hentry","category-1r","category-inicial","category-general","category-portada"],"post_mailing_queue_ids":[],"_links":{"self":[{"href":"https:\/\/agora.xtec.cat\/escolabacdecerdanya\/wp-json\/wp\/v2\/posts\/3948","targetHints":{"allow":["GET"]}}],"collection":[{"href":"https:\/\/agora.xtec.cat\/escolabacdecerdanya\/wp-json\/wp\/v2\/posts"}],"about":[{"href":"https:\/\/agora.xtec.cat\/escolabacdecerdanya\/wp-json\/wp\/v2\/types\/post"}],"author":[{"embeddable":true,"href":"https:\/\/agora.xtec.cat\/escolabacdecerdanya\/wp-json\/wp\/v2\/users\/32"}],"replies":[{"embeddable":true,"href":"https:\/\/agora.xtec.cat\/escolabacdecerdanya\/wp-json\/wp\/v2\/comments?post=3948"}],"version-history":[{"count":1,"href":"https:\/\/agora.xtec.cat\/escolabacdecerdanya\/wp-json\/wp\/v2\/posts\/3948\/revisions"}],"predecessor-version":[{"id":3950,"href":"https:\/\/agora.xtec.cat\/escolabacdecerdanya\/wp-json\/wp\/v2\/posts\/3948\/revisions\/3950"}],"wp:featuredmedia":[{"embeddable":true,"href":"https:\/\/agora.xtec.cat\/escolabacdecerdanya\/wp-json\/wp\/v2\/media\/3949"}],"wp:attachment":[{"href":"https:\/\/agora.xtec.cat\/escolabacdecerdanya\/wp-json\/wp\/v2\/media?parent=3948"}],"wp:term":[{"taxonomy":"category","embeddable":true,"href":"https:\/\/agora.xtec.cat\/escolabacdecerdanya\/wp-json\/wp\/v2\/categories?post=3948"},{"taxonomy":"post_tag","embeddable":true,"href":"https:\/\/agora.xtec.cat\/escolabacdecerdanya\/wp-json\/wp\/v2\/tags?post=3948"}],"curies":[{"name":"wp","href":"https:\/\/api.w.org\/{rel}","templated":true}]}}