{"id":3937,"date":"2021-06-21T11:10:08","date_gmt":"2021-06-21T09:10:08","guid":{"rendered":"http:\/\/agora.xtec.cat\/escolabacdecerdanya\/?p=3937"},"modified":"2021-06-21T11:10:08","modified_gmt":"2021-06-21T09:10:08","slug":"xxiia-setmana-cultural-tallers-estimem-el-planeta-terra","status":"publish","type":"post","link":"https:\/\/agora.xtec.cat\/escolabacdecerdanya\/general\/xxiia-setmana-cultural-tallers-estimem-el-planeta-terra\/","title":{"rendered":"XXIIa Setmana Cultural: TALLERS &#8220;Estimem el Planeta Terra&#8221;"},"content":{"rendered":"<p>Avui acabem els tallers de la setmana cultural d&#8217;enguany!<\/p>\n<p>Hem fet un munt d&#8217;activitats al voltant del sistema solar, la Terra, la Lluna, les energies renovables (solar, e\u00f2lica, hidr\u00e0ulica), les tres R, les cases sostenibles, la cura dels boscos, dels mars i rius, dels animals en perill d&#8217;extinci\u00f3 i sobre qu\u00e8 podem fer perqu\u00e8 el nostre consum sigui responsable.<\/p>\n<p>Tamb\u00e9 hem gravat un v\u00eddeo entre tots d&#8217;una can\u00e7\u00f3 molt xula que parla del reciclatge, aqu\u00ed el teniu!<\/p>\n<p style=\"text-align: center\"><a href=\"https:\/\/photos.app.goo.gl\/KwrXJxLpm7KXt6gz9\"><em><strong>V\u00cdDEO: si triem junts sona millor!<\/strong><\/em><\/a><\/p>\n<p>&nbsp;<\/p>\n<p>I totes les imatges\u00a0 aqu\u00ed\u00a0 <a href=\"https:\/\/photos.app.goo.gl\/wQ2VxYqbhCkQCFa5A\"><img loading=\"lazy\" decoding=\"async\" class=\"alignnone  wp-image-3938\" src=\"https:\/\/agora.xtec.cat\/escolabacdecerdanya\/wp-content\/uploads\/usu1753\/2021\/06\/20210614_150946-1024x1024.jpg\" alt=\"\" width=\"173\" height=\"173\" srcset=\"https:\/\/agora.xtec.cat\/escolabacdecerdanya\/wp-content\/uploads\/usu1753\/2021\/06\/20210614_150946-1024x1024.jpg 1024w, https:\/\/agora.xtec.cat\/escolabacdecerdanya\/wp-content\/uploads\/usu1753\/2021\/06\/20210614_150946-150x150.jpg 150w, https:\/\/agora.xtec.cat\/escolabacdecerdanya\/wp-content\/uploads\/usu1753\/2021\/06\/20210614_150946-300x300.jpg 300w, https:\/\/agora.xtec.cat\/escolabacdecerdanya\/wp-content\/uploads\/usu1753\/2021\/06\/20210614_150946-768x768.jpg 768w\" sizes=\"auto, (max-width: 173px) 100vw, 173px\" \/><\/a><\/p>\n<p>&nbsp;<\/p>\n","protected":false},"excerpt":{"rendered":"<p>Avui acabem els tallers de la setmana cultural d&#8217;enguany!<br \/>\nHem fet un munt d&#8217;activitats al voltant del sistema solar, la Terra, la Lluna, les energies renovables (solar, e\u00f2lica, hidr\u00e0ulica), les tres R, les cases sostenibles, la cura dels boscos, dels mars i rius, dels animals en&hellip;  <a href=\"https:\/\/agora.xtec.cat\/escolabacdecerdanya\/general\/xxiia-setmana-cultural-tallers-estimem-el-planeta-terra\/\" title=\"Read XXIIa Setmana Cultural: TALLERS &#8220;Estimem el Planeta Terra&#8221;\">Llegeix m\u00e9s\u00bb<\/a><\/p>\n","protected":false},"author":8,"featured_media":3938,"comment_status":"open","ping_status":"closed","sticky":false,"template":"","format":"standard","meta":{"_bbp_topic_count":0,"_bbp_reply_count":0,"_bbp_total_topic_count":0,"_bbp_total_reply_count":0,"_bbp_voice_count":0,"_bbp_anonymous_reply_count":0,"_bbp_topic_count_hidden":0,"_bbp_reply_count_hidden":0,"_bbp_forum_subforum_count":0,"footnotes":""},"categories":[104,105,76,103,1,61,4,79],"tags":[],"class_list":["post-3937","post","type-post","status-publish","format-standard","has-post-thumbnail","hentry","category-inicial","category-mitja","category-cicle-superior","category-infantil-2","category-general","category-novetats","category-portada","category-setman-cultural"],"post_mailing_queue_ids":[],"_links":{"self":[{"href":"https:\/\/agora.xtec.cat\/escolabacdecerdanya\/wp-json\/wp\/v2\/posts\/3937","targetHints":{"allow":["GET"]}}],"collection":[{"href":"https:\/\/agora.xtec.cat\/escolabacdecerdanya\/wp-json\/wp\/v2\/posts"}],"about":[{"href":"https:\/\/agora.xtec.cat\/escolabacdecerdanya\/wp-json\/wp\/v2\/types\/post"}],"author":[{"embeddable":true,"href":"https:\/\/agora.xtec.cat\/escolabacdecerdanya\/wp-json\/wp\/v2\/users\/8"}],"replies":[{"embeddable":true,"href":"https:\/\/agora.xtec.cat\/escolabacdecerdanya\/wp-json\/wp\/v2\/comments?post=3937"}],"version-history":[{"count":1,"href":"https:\/\/agora.xtec.cat\/escolabacdecerdanya\/wp-json\/wp\/v2\/posts\/3937\/revisions"}],"predecessor-version":[{"id":3939,"href":"https:\/\/agora.xtec.cat\/escolabacdecerdanya\/wp-json\/wp\/v2\/posts\/3937\/revisions\/3939"}],"wp:featuredmedia":[{"embeddable":true,"href":"https:\/\/agora.xtec.cat\/escolabacdecerdanya\/wp-json\/wp\/v2\/media\/3938"}],"wp:attachment":[{"href":"https:\/\/agora.xtec.cat\/escolabacdecerdanya\/wp-json\/wp\/v2\/media?parent=3937"}],"wp:term":[{"taxonomy":"category","embeddable":true,"href":"https:\/\/agora.xtec.cat\/escolabacdecerdanya\/wp-json\/wp\/v2\/categories?post=3937"},{"taxonomy":"post_tag","embeddable":true,"href":"https:\/\/agora.xtec.cat\/escolabacdecerdanya\/wp-json\/wp\/v2\/tags?post=3937"}],"curies":[{"name":"wp","href":"https:\/\/api.w.org\/{rel}","templated":true}]}}