{"id":3932,"date":"2021-06-16T21:18:31","date_gmt":"2021-06-16T19:18:31","guid":{"rendered":"http:\/\/agora.xtec.cat\/escolabacdecerdanya\/?p=3932"},"modified":"2021-06-16T21:18:31","modified_gmt":"2021-06-16T19:18:31","slug":"clean-up-a-la-molina","status":"publish","type":"post","link":"https:\/\/agora.xtec.cat\/escolabacdecerdanya\/general\/clean-up-a-la-molina\/","title":{"rendered":"CLEAN UP! a la Molina"},"content":{"rendered":"<p>Bona tarda fam\u00edlies!<\/p>\n<p>Avui els alumnes de CM i CS de l&#8217;escola hem anat a la Molina a fer la jornada de Clean Up! Hem recollit les deixalles de les pistes d&#8217;esqu\u00ed i l&#8217;estaci\u00f3 de La Molina. Ens hem trobat gorros, pals d&#8217;esqu\u00ed, pl\u00e0stics, forfets.. una mica de tot!<\/p>\n<p>Aqu\u00ed teniu les fotos de 5\u00e8&#8230;<\/p>\n<p><iframe loading=\"lazy\" src=\"\/\/www.youtube.com\/embed\/hZI_lFW9k6I\" width=\"560\" height=\"314\"><\/iframe><\/p>\n","protected":false},"excerpt":{"rendered":"<p>Bona tarda fam\u00edlies!<br \/>\nAvui els alumnes de CM i CS de l&#8217;escola hem anat a la Molina a fer la jornada de Clean Up! Hem recollit les deixalles de les pistes d&#8217;esqu\u00ed i l&#8217;estaci\u00f3 de La Molina. Ens hem trobat gorros, pals d&#8217;esqu\u00ed, pl\u00e0stics, forfets.. una&hellip;  <a href=\"https:\/\/agora.xtec.cat\/escolabacdecerdanya\/general\/clean-up-a-la-molina\/\" title=\"Read CLEAN UP! a la Molina\">Llegeix m\u00e9s\u00bb<\/a><\/p>\n","protected":false},"author":32,"featured_media":0,"comment_status":"open","ping_status":"closed","sticky":false,"template":"","format":"standard","meta":{"_bbp_topic_count":0,"_bbp_reply_count":0,"_bbp_total_topic_count":0,"_bbp_total_reply_count":0,"_bbp_voice_count":0,"_bbp_anonymous_reply_count":0,"_bbp_topic_count_hidden":0,"_bbp_reply_count_hidden":0,"_bbp_forum_subforum_count":0,"footnotes":""},"categories":[14,105,76,1,61,4],"tags":[],"class_list":["post-3932","post","type-post","status-publish","format-standard","hentry","category-5e","category-mitja","category-cicle-superior","category-general","category-novetats","category-portada"],"post_mailing_queue_ids":[],"_links":{"self":[{"href":"https:\/\/agora.xtec.cat\/escolabacdecerdanya\/wp-json\/wp\/v2\/posts\/3932","targetHints":{"allow":["GET"]}}],"collection":[{"href":"https:\/\/agora.xtec.cat\/escolabacdecerdanya\/wp-json\/wp\/v2\/posts"}],"about":[{"href":"https:\/\/agora.xtec.cat\/escolabacdecerdanya\/wp-json\/wp\/v2\/types\/post"}],"author":[{"embeddable":true,"href":"https:\/\/agora.xtec.cat\/escolabacdecerdanya\/wp-json\/wp\/v2\/users\/32"}],"replies":[{"embeddable":true,"href":"https:\/\/agora.xtec.cat\/escolabacdecerdanya\/wp-json\/wp\/v2\/comments?post=3932"}],"version-history":[{"count":1,"href":"https:\/\/agora.xtec.cat\/escolabacdecerdanya\/wp-json\/wp\/v2\/posts\/3932\/revisions"}],"predecessor-version":[{"id":3933,"href":"https:\/\/agora.xtec.cat\/escolabacdecerdanya\/wp-json\/wp\/v2\/posts\/3932\/revisions\/3933"}],"wp:attachment":[{"href":"https:\/\/agora.xtec.cat\/escolabacdecerdanya\/wp-json\/wp\/v2\/media?parent=3932"}],"wp:term":[{"taxonomy":"category","embeddable":true,"href":"https:\/\/agora.xtec.cat\/escolabacdecerdanya\/wp-json\/wp\/v2\/categories?post=3932"},{"taxonomy":"post_tag","embeddable":true,"href":"https:\/\/agora.xtec.cat\/escolabacdecerdanya\/wp-json\/wp\/v2\/tags?post=3932"}],"curies":[{"name":"wp","href":"https:\/\/api.w.org\/{rel}","templated":true}]}}