{"id":3929,"date":"2021-06-14T15:35:06","date_gmt":"2021-06-14T13:35:06","guid":{"rendered":"http:\/\/agora.xtec.cat\/escolabacdecerdanya\/?p=3929"},"modified":"2021-06-14T15:35:47","modified_gmt":"2021-06-14T13:35:47","slug":"xxiia-setmana-cultural-estimem-el-planeta-terra","status":"publish","type":"post","link":"https:\/\/agora.xtec.cat\/escolabacdecerdanya\/general\/xxiia-setmana-cultural-estimem-el-planeta-terra\/","title":{"rendered":"XXIIa Setmana Cultural:  Estimem el planeta Terra!"},"content":{"rendered":"<p>Hola fam\u00edlies!<\/p>\n<p>Avui hem comen\u00e7at la Setmana Cultural!<\/p>\n<p>De bon mat\u00ed ha vingut la Terra i ens ha explicat com s&#8217;ha anat posant malalta a base de contaminaci\u00f3, tala d&#8217;arbres, residus per tot arreu,&#8230;!<\/p>\n<p>Si voleu veure\u00a0 el v\u00eddeo de la presentaci\u00f3 aqu\u00ed el teniu!&#8230;<\/p>\n<p><a href=\"https:\/\/photos.app.goo.gl\/WRSfcUkwqSq73bUp9\"><img loading=\"lazy\" decoding=\"async\" class=\"alignnone size-full wp-image-3930\" src=\"https:\/\/agora.xtec.cat\/escolabacdecerdanya\/wp-content\/uploads\/usu1753\/2021\/06\/images.jpg\" alt=\"\" width=\"275\" height=\"183\" \/><\/a><\/p>\n","protected":false},"excerpt":{"rendered":"<p>Hola fam\u00edlies!<br \/>\nAvui hem comen\u00e7at la Setmana Cultural!<br \/>\nDe bon mat\u00ed ha vingut la Terra i ens ha explicat com s&#8217;ha anat posant malalta a base de contaminaci\u00f3, tala d&#8217;arbres, residus per tot arreu,&#8230;!<br \/>\nSi voleu veure\u00a0 el v\u00eddeo de la presentaci\u00f3 aqu\u00ed el teniu!&#8230;<br \/>\n<a href=\"https:\/\/photos.app.goo.gl\/WRSfcUkwqSq73bUp9\"><\/a><\/p>\n","protected":false},"author":8,"featured_media":3930,"comment_status":"open","ping_status":"closed","sticky":false,"template":"","format":"standard","meta":{"_bbp_topic_count":0,"_bbp_reply_count":0,"_bbp_total_topic_count":0,"_bbp_total_reply_count":0,"_bbp_voice_count":0,"_bbp_anonymous_reply_count":0,"_bbp_topic_count_hidden":0,"_bbp_reply_count_hidden":0,"_bbp_forum_subforum_count":0,"footnotes":""},"categories":[1,4,79],"tags":[],"class_list":["post-3929","post","type-post","status-publish","format-standard","has-post-thumbnail","hentry","category-general","category-portada","category-setman-cultural"],"post_mailing_queue_ids":[],"_links":{"self":[{"href":"https:\/\/agora.xtec.cat\/escolabacdecerdanya\/wp-json\/wp\/v2\/posts\/3929","targetHints":{"allow":["GET"]}}],"collection":[{"href":"https:\/\/agora.xtec.cat\/escolabacdecerdanya\/wp-json\/wp\/v2\/posts"}],"about":[{"href":"https:\/\/agora.xtec.cat\/escolabacdecerdanya\/wp-json\/wp\/v2\/types\/post"}],"author":[{"embeddable":true,"href":"https:\/\/agora.xtec.cat\/escolabacdecerdanya\/wp-json\/wp\/v2\/users\/8"}],"replies":[{"embeddable":true,"href":"https:\/\/agora.xtec.cat\/escolabacdecerdanya\/wp-json\/wp\/v2\/comments?post=3929"}],"version-history":[{"count":1,"href":"https:\/\/agora.xtec.cat\/escolabacdecerdanya\/wp-json\/wp\/v2\/posts\/3929\/revisions"}],"predecessor-version":[{"id":3931,"href":"https:\/\/agora.xtec.cat\/escolabacdecerdanya\/wp-json\/wp\/v2\/posts\/3929\/revisions\/3931"}],"wp:featuredmedia":[{"embeddable":true,"href":"https:\/\/agora.xtec.cat\/escolabacdecerdanya\/wp-json\/wp\/v2\/media\/3930"}],"wp:attachment":[{"href":"https:\/\/agora.xtec.cat\/escolabacdecerdanya\/wp-json\/wp\/v2\/media?parent=3929"}],"wp:term":[{"taxonomy":"category","embeddable":true,"href":"https:\/\/agora.xtec.cat\/escolabacdecerdanya\/wp-json\/wp\/v2\/categories?post=3929"},{"taxonomy":"post_tag","embeddable":true,"href":"https:\/\/agora.xtec.cat\/escolabacdecerdanya\/wp-json\/wp\/v2\/tags?post=3929"}],"curies":[{"name":"wp","href":"https:\/\/api.w.org\/{rel}","templated":true}]}}