{"id":3927,"date":"2021-06-14T13:41:42","date_gmt":"2021-06-14T11:41:42","guid":{"rendered":"http:\/\/agora.xtec.cat\/escolabacdecerdanya\/?p=3927"},"modified":"2021-06-14T13:41:42","modified_gmt":"2021-06-14T11:41:42","slug":"adeu-carmen","status":"publish","type":"post","link":"https:\/\/agora.xtec.cat\/escolabacdecerdanya\/general\/adeu-carmen\/","title":{"rendered":"Ad\u00e9u Carmen"},"content":{"rendered":"<p><b>Des de l\u2019Escola Bac de Cerdanya lamentem profundament la mort de la Sra. Carmen Guti\u00e9rrez que durant molts anys va tenir cura de la nostra escola.<\/b><\/p>\n<p><strong>El m\u00e9s sincer condol a la seva fam\u00edlia i amics.<\/strong><\/p>\n<blockquote><p><em>Carmen,<\/em><\/p>\n<p><em>Et donem les gr\u00e0cies de tot cor pel teu esfor\u00e7 i dedicaci\u00f3.<\/em><\/p>\n<p><em>Amb tu se&#8217;n va una gran persona.<\/em><\/p>\n<p><em><img decoding=\"async\" class=\"alignleft\" src=\"https:\/\/sites.google.com\/a\/xtec.cat\/bac-de-cerdanya-escola\/_\/rsrc\/1542033957662\/home\/BAC.png\" alt=\"ESCOLA BAC DE CERDANYA\" \/><\/em><img loading=\"lazy\" decoding=\"async\" class=\"alignleft\" src=\"http:\/\/www.palauplegamans.cat\/media\/site1\/cache\/images\/dol-llacnegre.jpg\" alt=\"L&amp;#39;Ajuntament es suma al condol per la mort de Jaume Padr\u00f3s, exregidor de  l&amp;#39;Ajuntament durant els anys 60 | Ajuntament de Palau-solit\u00e0 i Plegamans\" width=\"198\" height=\"149\" \/><\/p><\/blockquote>\n","protected":false},"excerpt":{"rendered":"<p>Des de l\u2019Escola Bac de Cerdanya lamentem profundament la mort de la Sra. Carmen Guti\u00e9rrez que durant molts anys va tenir cura de la nostra escola.<br \/>\nEl m\u00e9s sincer condol a la seva fam\u00edlia i amics.<br \/>\nCarmen,<br \/>\nEt donem les gr\u00e0cies de tot cor pel teu esfor\u00e7 i&hellip;  <a href=\"https:\/\/agora.xtec.cat\/escolabacdecerdanya\/general\/adeu-carmen\/\" title=\"Read Ad\u00e9u Carmen\">Llegeix m\u00e9s\u00bb<\/a><\/p>\n","protected":false},"author":1,"featured_media":0,"comment_status":"open","ping_status":"closed","sticky":false,"template":"","format":"standard","meta":{"_bbp_topic_count":0,"_bbp_reply_count":0,"_bbp_total_topic_count":0,"_bbp_total_reply_count":0,"_bbp_voice_count":0,"_bbp_anonymous_reply_count":0,"_bbp_topic_count_hidden":0,"_bbp_reply_count_hidden":0,"_bbp_forum_subforum_count":0,"footnotes":""},"categories":[1,4],"tags":[],"class_list":["post-3927","post","type-post","status-publish","format-standard","hentry","category-general","category-portada"],"post_mailing_queue_ids":[],"_links":{"self":[{"href":"https:\/\/agora.xtec.cat\/escolabacdecerdanya\/wp-json\/wp\/v2\/posts\/3927","targetHints":{"allow":["GET"]}}],"collection":[{"href":"https:\/\/agora.xtec.cat\/escolabacdecerdanya\/wp-json\/wp\/v2\/posts"}],"about":[{"href":"https:\/\/agora.xtec.cat\/escolabacdecerdanya\/wp-json\/wp\/v2\/types\/post"}],"author":[{"embeddable":true,"href":"https:\/\/agora.xtec.cat\/escolabacdecerdanya\/wp-json\/wp\/v2\/users\/1"}],"replies":[{"embeddable":true,"href":"https:\/\/agora.xtec.cat\/escolabacdecerdanya\/wp-json\/wp\/v2\/comments?post=3927"}],"version-history":[{"count":1,"href":"https:\/\/agora.xtec.cat\/escolabacdecerdanya\/wp-json\/wp\/v2\/posts\/3927\/revisions"}],"predecessor-version":[{"id":3928,"href":"https:\/\/agora.xtec.cat\/escolabacdecerdanya\/wp-json\/wp\/v2\/posts\/3927\/revisions\/3928"}],"wp:attachment":[{"href":"https:\/\/agora.xtec.cat\/escolabacdecerdanya\/wp-json\/wp\/v2\/media?parent=3927"}],"wp:term":[{"taxonomy":"category","embeddable":true,"href":"https:\/\/agora.xtec.cat\/escolabacdecerdanya\/wp-json\/wp\/v2\/categories?post=3927"},{"taxonomy":"post_tag","embeddable":true,"href":"https:\/\/agora.xtec.cat\/escolabacdecerdanya\/wp-json\/wp\/v2\/tags?post=3927"}],"curies":[{"name":"wp","href":"https:\/\/api.w.org\/{rel}","templated":true}]}}