{"id":3902,"date":"2021-06-09T11:14:19","date_gmt":"2021-06-09T09:14:19","guid":{"rendered":"http:\/\/agora.xtec.cat\/escolabacdecerdanya\/?p=3902"},"modified":"2021-06-09T13:57:08","modified_gmt":"2021-06-09T11:57:08","slug":"notre-histoire","status":"publish","type":"post","link":"https:\/\/agora.xtec.cat\/escolabacdecerdanya\/portada\/notre-histoire\/","title":{"rendered":"Notre histoire avec troisi\u00e8me cours)"},"content":{"rendered":"<p>Avec les enfants de troisi\u00e8me cours, nous avons fait une petite histoire sur un mouton perdu. On a utilis\u00e9 des nouveaux mots et on a appris \u00e0 travailler ensemble. (Amb els nens de tercer, hem fet una petita hist\u00f2ria sobre una ovella perduda. Hem utilitzat paraules noves i hem apr\u00e8s a treballar junts). Cliqueu la imatge i veureu la hist\u00f2ria.<\/p>\n<p>&nbsp;<\/p>\n<p><a href=\"https:\/\/www.mystorybook.com\/books\/1112234\/\"><img loading=\"lazy\" decoding=\"async\" class=\"aligncenter wp-image-3904 size-full\" src=\"https:\/\/agora.xtec.cat\/escolabacdecerdanya\/wp-content\/uploads\/usu1753\/2021\/06\/Sin-t\u00edtulo.png\" alt=\"\" width=\"489\" height=\"577\" srcset=\"https:\/\/agora.xtec.cat\/escolabacdecerdanya\/wp-content\/uploads\/usu1753\/2021\/06\/Sin-t\u00edtulo.png 489w, https:\/\/agora.xtec.cat\/escolabacdecerdanya\/wp-content\/uploads\/usu1753\/2021\/06\/Sin-t\u00edtulo-254x300.png 254w\" sizes=\"auto, (max-width: 489px) 100vw, 489px\" \/><\/a><\/p>\n<p>&nbsp;<\/p>\n","protected":false},"excerpt":{"rendered":"<p>Avec les enfants de troisi\u00e8me cours, nous avons fait une petite histoire sur un mouton perdu. On a utilis\u00e9 des nouveaux mots et on a appris \u00e0 travailler ensemble. (Amb els nens de tercer, hem fet una petita hist\u00f2ria sobre una ovella perduda. Hem utilitzat&hellip;  <a href=\"https:\/\/agora.xtec.cat\/escolabacdecerdanya\/portada\/notre-histoire\/\" title=\"Read Notre histoire avec troisi\u00e8me cours)\">Llegeix m\u00e9s\u00bb<\/a><\/p>\n","protected":false},"author":6,"featured_media":3904,"comment_status":"open","ping_status":"closed","sticky":false,"template":"","format":"standard","meta":{"_bbp_topic_count":0,"_bbp_reply_count":0,"_bbp_total_topic_count":0,"_bbp_total_reply_count":0,"_bbp_voice_count":0,"_bbp_anonymous_reply_count":0,"_bbp_topic_count_hidden":0,"_bbp_reply_count_hidden":0,"_bbp_forum_subforum_count":0,"footnotes":""},"categories":[12,13,105,156,162,61,4],"tags":[],"class_list":["post-3902","post","type-post","status-publish","format-standard","has-post-thumbnail","hentry","category-3r","category-4t","category-mitja","category-francais","category-llengues-estrangeres","category-novetats","category-portada"],"post_mailing_queue_ids":[],"_links":{"self":[{"href":"https:\/\/agora.xtec.cat\/escolabacdecerdanya\/wp-json\/wp\/v2\/posts\/3902","targetHints":{"allow":["GET"]}}],"collection":[{"href":"https:\/\/agora.xtec.cat\/escolabacdecerdanya\/wp-json\/wp\/v2\/posts"}],"about":[{"href":"https:\/\/agora.xtec.cat\/escolabacdecerdanya\/wp-json\/wp\/v2\/types\/post"}],"author":[{"embeddable":true,"href":"https:\/\/agora.xtec.cat\/escolabacdecerdanya\/wp-json\/wp\/v2\/users\/6"}],"replies":[{"embeddable":true,"href":"https:\/\/agora.xtec.cat\/escolabacdecerdanya\/wp-json\/wp\/v2\/comments?post=3902"}],"version-history":[{"count":4,"href":"https:\/\/agora.xtec.cat\/escolabacdecerdanya\/wp-json\/wp\/v2\/posts\/3902\/revisions"}],"predecessor-version":[{"id":3910,"href":"https:\/\/agora.xtec.cat\/escolabacdecerdanya\/wp-json\/wp\/v2\/posts\/3902\/revisions\/3910"}],"wp:featuredmedia":[{"embeddable":true,"href":"https:\/\/agora.xtec.cat\/escolabacdecerdanya\/wp-json\/wp\/v2\/media\/3904"}],"wp:attachment":[{"href":"https:\/\/agora.xtec.cat\/escolabacdecerdanya\/wp-json\/wp\/v2\/media?parent=3902"}],"wp:term":[{"taxonomy":"category","embeddable":true,"href":"https:\/\/agora.xtec.cat\/escolabacdecerdanya\/wp-json\/wp\/v2\/categories?post=3902"},{"taxonomy":"post_tag","embeddable":true,"href":"https:\/\/agora.xtec.cat\/escolabacdecerdanya\/wp-json\/wp\/v2\/tags?post=3902"}],"curies":[{"name":"wp","href":"https:\/\/api.w.org\/{rel}","templated":true}]}}