{"id":3899,"date":"2021-06-07T13:08:03","date_gmt":"2021-06-07T11:08:03","guid":{"rendered":"http:\/\/agora.xtec.cat\/escolabacdecerdanya\/?p=3899"},"modified":"2021-06-07T13:08:03","modified_gmt":"2021-06-07T11:08:03","slug":"fira-de-la-prehistoria","status":"publish","type":"post","link":"https:\/\/agora.xtec.cat\/escolabacdecerdanya\/general\/fira-de-la-prehistoria\/","title":{"rendered":"FIRA DE LA PREHIST\u00d2RIA"},"content":{"rendered":"<p>Bona tarda fam\u00edlies!<\/p>\n<p>Avui els nens i nenes de 5\u00e8 hem fet la Fira de la Prehist\u00f2ria. Aquest trimestre hem treballat les etapes de la hist\u00f2ria i ens hem endinsat en la Prehist\u00f2ria per tal que la resta d&#8217;alumnes de l&#8217;escola poguessin gaudir del nostre projecte. Aqu\u00ed el teniu!<\/p>\n<p>Enlla\u00e7 a les fotos: <a href=\"https:\/\/photos.app.goo.gl\/TtHTm2Amzm2WzViS9\">https:\/\/photos.app.goo.gl\/TtHTm2Amzm2WzViS9<\/a><\/p>\n<p><iframe loading=\"lazy\" src=\"\/\/www.youtube.com\/embed\/JkiJM1t4XVk\" width=\"560\" height=\"314\"><\/iframe><\/p>\n","protected":false},"excerpt":{"rendered":"<p>Bona tarda fam\u00edlies!<br \/>\nAvui els nens i nenes de 5\u00e8 hem fet la Fira de la Prehist\u00f2ria. Aquest trimestre hem treballat les etapes de la hist\u00f2ria i ens hem endinsat en la Prehist\u00f2ria per tal que la resta d&#8217;alumnes de l&#8217;escola poguessin gaudir del nostre projecte.&hellip;  <a href=\"https:\/\/agora.xtec.cat\/escolabacdecerdanya\/general\/fira-de-la-prehistoria\/\" title=\"Read FIRA DE LA PREHIST\u00d2RIA\">Llegeix m\u00e9s\u00bb<\/a><\/p>\n","protected":false},"author":26,"featured_media":3900,"comment_status":"open","ping_status":"closed","sticky":false,"template":"","format":"standard","meta":{"_bbp_topic_count":0,"_bbp_reply_count":0,"_bbp_total_topic_count":0,"_bbp_total_reply_count":0,"_bbp_voice_count":0,"_bbp_anonymous_reply_count":0,"_bbp_topic_count_hidden":0,"_bbp_reply_count_hidden":0,"_bbp_forum_subforum_count":0,"footnotes":""},"categories":[14,76,1,61,4],"tags":[],"class_list":["post-3899","post","type-post","status-publish","format-standard","has-post-thumbnail","hentry","category-5e","category-cicle-superior","category-general","category-novetats","category-portada"],"post_mailing_queue_ids":[],"_links":{"self":[{"href":"https:\/\/agora.xtec.cat\/escolabacdecerdanya\/wp-json\/wp\/v2\/posts\/3899","targetHints":{"allow":["GET"]}}],"collection":[{"href":"https:\/\/agora.xtec.cat\/escolabacdecerdanya\/wp-json\/wp\/v2\/posts"}],"about":[{"href":"https:\/\/agora.xtec.cat\/escolabacdecerdanya\/wp-json\/wp\/v2\/types\/post"}],"author":[{"embeddable":true,"href":"https:\/\/agora.xtec.cat\/escolabacdecerdanya\/wp-json\/wp\/v2\/users\/26"}],"replies":[{"embeddable":true,"href":"https:\/\/agora.xtec.cat\/escolabacdecerdanya\/wp-json\/wp\/v2\/comments?post=3899"}],"version-history":[{"count":1,"href":"https:\/\/agora.xtec.cat\/escolabacdecerdanya\/wp-json\/wp\/v2\/posts\/3899\/revisions"}],"predecessor-version":[{"id":3901,"href":"https:\/\/agora.xtec.cat\/escolabacdecerdanya\/wp-json\/wp\/v2\/posts\/3899\/revisions\/3901"}],"wp:featuredmedia":[{"embeddable":true,"href":"https:\/\/agora.xtec.cat\/escolabacdecerdanya\/wp-json\/wp\/v2\/media\/3900"}],"wp:attachment":[{"href":"https:\/\/agora.xtec.cat\/escolabacdecerdanya\/wp-json\/wp\/v2\/media?parent=3899"}],"wp:term":[{"taxonomy":"category","embeddable":true,"href":"https:\/\/agora.xtec.cat\/escolabacdecerdanya\/wp-json\/wp\/v2\/categories?post=3899"},{"taxonomy":"post_tag","embeddable":true,"href":"https:\/\/agora.xtec.cat\/escolabacdecerdanya\/wp-json\/wp\/v2\/tags?post=3899"}],"curies":[{"name":"wp","href":"https:\/\/api.w.org\/{rel}","templated":true}]}}