{"id":3864,"date":"2021-06-06T15:00:19","date_gmt":"2021-06-06T13:00:19","guid":{"rendered":"http:\/\/agora.xtec.cat\/escolabacdecerdanya\/?p=3864"},"modified":"2021-06-06T15:11:29","modified_gmt":"2021-06-06T13:11:29","slug":"educacio-emocional-a-cicle-mitja-2","status":"publish","type":"post","link":"https:\/\/agora.xtec.cat\/escolabacdecerdanya\/general\/educacio-emocional-a-cicle-mitja-2\/","title":{"rendered":"EDUCACI\u00d3 EMOCIONAL A CICLE MITJ\u00c0"},"content":{"rendered":"<p>Els alumnes de tercer i quart han fet un recull dels conceptes i les activitats realitzades durant les classes d&#8217;\u00e8tica sobre educaci\u00f3 emocional. Al llarg de l&#8217;any hem apr\u00e8s coses relacionades amb la identificaci\u00f3 i gesti\u00f3 d&#8217;emocions;\u00a0 hem fet activitats on hem hagut d&#8217;utilitzar l&#8217;empatia, l&#8217;autocontrol, les habilitats socials; hem apr\u00e8s petites t\u00e8cniques per fomentar l&#8217;autoestima i fins i tot hem fet ioga, mindfulness i t\u00e8cniques de respiraci\u00f3. Aqu\u00ed teniu un tastet del que han apr\u00e8s. Cliqueu a cada imatge i veureu el v\u00eddeo que han gravat. Tamb\u00e9 podeu escanejar el codi QR.<\/p>\n<p><a href=\"https:\/\/youtu.be\/muCnR1qGwpU\"><img loading=\"lazy\" decoding=\"async\" class=\"wp-image-3873 size-medium alignleft\" src=\"https:\/\/agora.xtec.cat\/escolabacdecerdanya\/wp-content\/uploads\/usu1753\/2021\/06\/Captura-23-300x225.png\" alt=\"\" width=\"300\" height=\"225\" data-wp-editing=\"1\" srcset=\"https:\/\/agora.xtec.cat\/escolabacdecerdanya\/wp-content\/uploads\/usu1753\/2021\/06\/Captura-23-300x225.png 300w, https:\/\/agora.xtec.cat\/escolabacdecerdanya\/wp-content\/uploads\/usu1753\/2021\/06\/Captura-23-200x150.png 200w, https:\/\/agora.xtec.cat\/escolabacdecerdanya\/wp-content\/uploads\/usu1753\/2021\/06\/Captura-23.png 640w\" sizes=\"auto, (max-width: 300px) 100vw, 300px\" \/><\/a><a href=\"https:\/\/youtu.be\/WfLeAcnbfjc\"><img loading=\"lazy\" decoding=\"async\" class=\"alignnone wp-image-3866 size-medium\" src=\"https:\/\/agora.xtec.cat\/escolabacdecerdanya\/wp-content\/uploads\/usu1753\/2021\/06\/Captura-10-300x223.png\" alt=\"\" width=\"300\" height=\"223\" srcset=\"https:\/\/agora.xtec.cat\/escolabacdecerdanya\/wp-content\/uploads\/usu1753\/2021\/06\/Captura-10-300x223.png 300w, https:\/\/agora.xtec.cat\/escolabacdecerdanya\/wp-content\/uploads\/usu1753\/2021\/06\/Captura-10-200x150.png 200w, https:\/\/agora.xtec.cat\/escolabacdecerdanya\/wp-content\/uploads\/usu1753\/2021\/06\/Captura-10.png 660w\" sizes=\"auto, (max-width: 300px) 100vw, 300px\" \/><\/a><\/p>\n<p><a href=\"https:\/\/youtu.be\/oCmxJOE0oCc\"><img loading=\"lazy\" decoding=\"async\" class=\"alignnone wp-image-3867 size-medium\" src=\"https:\/\/agora.xtec.cat\/escolabacdecerdanya\/wp-content\/uploads\/usu1753\/2021\/06\/Captura-12-300x219.png\" alt=\"\" width=\"300\" height=\"219\" srcset=\"https:\/\/agora.xtec.cat\/escolabacdecerdanya\/wp-content\/uploads\/usu1753\/2021\/06\/Captura-12-300x219.png 300w, https:\/\/agora.xtec.cat\/escolabacdecerdanya\/wp-content\/uploads\/usu1753\/2021\/06\/Captura-12.png 635w\" sizes=\"auto, (max-width: 300px) 100vw, 300px\" \/>\u00a0\u00a0\u00a0 <\/a><a href=\"https:\/\/youtu.be\/3KnKDU3ySJE\"><img loading=\"lazy\" decoding=\"async\" class=\"alignnone wp-image-3868 size-medium\" src=\"https:\/\/agora.xtec.cat\/escolabacdecerdanya\/wp-content\/uploads\/usu1753\/2021\/06\/Captura-14-300x227.png\" alt=\"\" width=\"300\" height=\"227\" srcset=\"https:\/\/agora.xtec.cat\/escolabacdecerdanya\/wp-content\/uploads\/usu1753\/2021\/06\/Captura-14-300x227.png 300w, https:\/\/agora.xtec.cat\/escolabacdecerdanya\/wp-content\/uploads\/usu1753\/2021\/06\/Captura-14-200x150.png 200w, https:\/\/agora.xtec.cat\/escolabacdecerdanya\/wp-content\/uploads\/usu1753\/2021\/06\/Captura-14.png 626w\" sizes=\"auto, (max-width: 300px) 100vw, 300px\" \/><\/a><\/p>\n<p><a href=\"https:\/\/youtu.be\/jekCiwbbdfw\"><img loading=\"lazy\" decoding=\"async\" class=\"alignnone wp-image-3870 size-medium\" src=\"https:\/\/agora.xtec.cat\/escolabacdecerdanya\/wp-content\/uploads\/usu1753\/2021\/06\/Captura-17-300x228.png\" alt=\"\" width=\"300\" height=\"228\" srcset=\"https:\/\/agora.xtec.cat\/escolabacdecerdanya\/wp-content\/uploads\/usu1753\/2021\/06\/Captura-17-300x228.png 300w, https:\/\/agora.xtec.cat\/escolabacdecerdanya\/wp-content\/uploads\/usu1753\/2021\/06\/Captura-17.png 671w\" sizes=\"auto, (max-width: 300px) 100vw, 300px\" \/>\u00a0\u00a0\u00a0\u00a0 <\/a><a href=\"https:\/\/youtu.be\/z3R-owAh3LM\"><img loading=\"lazy\" decoding=\"async\" class=\"alignnone wp-image-3872 size-medium\" src=\"https:\/\/agora.xtec.cat\/escolabacdecerdanya\/wp-content\/uploads\/usu1753\/2021\/06\/Captura-21-300x240.png\" alt=\"\" width=\"300\" height=\"240\" srcset=\"https:\/\/agora.xtec.cat\/escolabacdecerdanya\/wp-content\/uploads\/usu1753\/2021\/06\/Captura-21-300x240.png 300w, https:\/\/agora.xtec.cat\/escolabacdecerdanya\/wp-content\/uploads\/usu1753\/2021\/06\/Captura-21.png 645w\" sizes=\"auto, (max-width: 300px) 100vw, 300px\" \/>\u00a0\u00a0\u00a0 <\/a><a href=\"https:\/\/youtu.be\/xZyC4d3VH8o\"><img loading=\"lazy\" decoding=\"async\" class=\"alignnone wp-image-3871 size-medium\" src=\"https:\/\/agora.xtec.cat\/escolabacdecerdanya\/wp-content\/uploads\/usu1753\/2021\/06\/Captura-19-300x231.png\" alt=\"\" width=\"300\" height=\"231\" srcset=\"https:\/\/agora.xtec.cat\/escolabacdecerdanya\/wp-content\/uploads\/usu1753\/2021\/06\/Captura-19-300x231.png 300w, https:\/\/agora.xtec.cat\/escolabacdecerdanya\/wp-content\/uploads\/usu1753\/2021\/06\/Captura-19.png 640w\" sizes=\"auto, (max-width: 300px) 100vw, 300px\" \/><\/a><\/p>\n<p>&nbsp;<\/p>\n","protected":false},"excerpt":{"rendered":"<p>Els alumnes de tercer i quart han fet un recull dels conceptes i les activitats realitzades durant les classes d&#8217;\u00e8tica sobre educaci\u00f3 emocional. Al llarg de l&#8217;any hem apr\u00e8s coses relacionades amb la identificaci\u00f3 i gesti\u00f3 d&#8217;emocions;\u00a0 hem fet activitats on hem hagut d&#8217;utilitzar l&#8217;empatia,&hellip;  <a href=\"https:\/\/agora.xtec.cat\/escolabacdecerdanya\/general\/educacio-emocional-a-cicle-mitja-2\/\" title=\"Read EDUCACI\u00d3 EMOCIONAL A CICLE MITJ\u00c0\">Llegeix m\u00e9s\u00bb<\/a><\/p>\n","protected":false},"author":6,"featured_media":3867,"comment_status":"open","ping_status":"closed","sticky":false,"template":"","format":"standard","meta":{"_bbp_topic_count":0,"_bbp_reply_count":0,"_bbp_total_topic_count":0,"_bbp_total_reply_count":0,"_bbp_voice_count":0,"_bbp_anonymous_reply_count":0,"_bbp_topic_count_hidden":0,"_bbp_reply_count_hidden":0,"_bbp_forum_subforum_count":0,"footnotes":""},"categories":[12,13,105,1,61,4],"tags":[],"class_list":["post-3864","post","type-post","status-publish","format-standard","has-post-thumbnail","hentry","category-3r","category-4t","category-mitja","category-general","category-novetats","category-portada"],"post_mailing_queue_ids":[],"_links":{"self":[{"href":"https:\/\/agora.xtec.cat\/escolabacdecerdanya\/wp-json\/wp\/v2\/posts\/3864","targetHints":{"allow":["GET"]}}],"collection":[{"href":"https:\/\/agora.xtec.cat\/escolabacdecerdanya\/wp-json\/wp\/v2\/posts"}],"about":[{"href":"https:\/\/agora.xtec.cat\/escolabacdecerdanya\/wp-json\/wp\/v2\/types\/post"}],"author":[{"embeddable":true,"href":"https:\/\/agora.xtec.cat\/escolabacdecerdanya\/wp-json\/wp\/v2\/users\/6"}],"replies":[{"embeddable":true,"href":"https:\/\/agora.xtec.cat\/escolabacdecerdanya\/wp-json\/wp\/v2\/comments?post=3864"}],"version-history":[{"count":3,"href":"https:\/\/agora.xtec.cat\/escolabacdecerdanya\/wp-json\/wp\/v2\/posts\/3864\/revisions"}],"predecessor-version":[{"id":3878,"href":"https:\/\/agora.xtec.cat\/escolabacdecerdanya\/wp-json\/wp\/v2\/posts\/3864\/revisions\/3878"}],"wp:featuredmedia":[{"embeddable":true,"href":"https:\/\/agora.xtec.cat\/escolabacdecerdanya\/wp-json\/wp\/v2\/media\/3867"}],"wp:attachment":[{"href":"https:\/\/agora.xtec.cat\/escolabacdecerdanya\/wp-json\/wp\/v2\/media?parent=3864"}],"wp:term":[{"taxonomy":"category","embeddable":true,"href":"https:\/\/agora.xtec.cat\/escolabacdecerdanya\/wp-json\/wp\/v2\/categories?post=3864"},{"taxonomy":"post_tag","embeddable":true,"href":"https:\/\/agora.xtec.cat\/escolabacdecerdanya\/wp-json\/wp\/v2\/tags?post=3864"}],"curies":[{"name":"wp","href":"https:\/\/api.w.org\/{rel}","templated":true}]}}