{"id":3856,"date":"2021-05-31T13:00:30","date_gmt":"2021-05-31T11:00:30","guid":{"rendered":"http:\/\/agora.xtec.cat\/escolabacdecerdanya\/?p=3856"},"modified":"2021-05-31T13:06:41","modified_gmt":"2021-05-31T11:06:41","slug":"cros-escolar-cerdanya","status":"publish","type":"post","link":"https:\/\/agora.xtec.cat\/escolabacdecerdanya\/general\/cros-escolar-cerdanya\/","title":{"rendered":"CROS ESCOLAR CERDANYA"},"content":{"rendered":"<p>El divendres 28 de maig tot l&#8217;alumnat de Prim\u00e0ria va participar en el Cros Escolar Cerdanya,<\/p>\n<p>Un esdeveniment cooperatiu amb un Objectiu compartit: JUNTS ARRIBEM M\u00c9S LLUNY. Es tractava d&#8217;anar sumant les voltes, de tots els\/les alumnes de 1r fins a 6\u00e8, que feien a un circuit de 250 m. marcat al parc de davant del cole. El reslutat obtingut va ser d&#8217;un total de 189 km.<\/p>\n<p>Enhorabona a tots\/es pel vostre esfor\u00e7.(Si cliqueu a la foto podreu veure l&#8217;\u00e0lbum amb m\u00e9s fotos)<\/p>\n<p><a href=\"https:\/\/photos.app.goo.gl\/hFEPDSADrUMcFkMW6\"><img loading=\"lazy\" decoding=\"async\" class=\"alignnone size-full wp-image-3857\" src=\"https:\/\/agora.xtec.cat\/escolabacdecerdanya\/wp-content\/uploads\/usu1753\/2021\/05\/cross.jpg\" alt=\"\" width=\"876\" height=\"657\" srcset=\"https:\/\/agora.xtec.cat\/escolabacdecerdanya\/wp-content\/uploads\/usu1753\/2021\/05\/cross.jpg 876w, https:\/\/agora.xtec.cat\/escolabacdecerdanya\/wp-content\/uploads\/usu1753\/2021\/05\/cross-300x225.jpg 300w, https:\/\/agora.xtec.cat\/escolabacdecerdanya\/wp-content\/uploads\/usu1753\/2021\/05\/cross-768x576.jpg 768w, https:\/\/agora.xtec.cat\/escolabacdecerdanya\/wp-content\/uploads\/usu1753\/2021\/05\/cross-200x150.jpg 200w\" sizes=\"auto, (max-width: 876px) 100vw, 876px\" \/><\/a><\/p>\n","protected":false},"excerpt":{"rendered":"<p>El divendres 28 de maig tot l&#8217;alumnat de Prim\u00e0ria va participar en el Cros Escolar Cerdanya,<br \/>\nUn esdeveniment cooperatiu amb un Objectiu compartit: JUNTS ARRIBEM M\u00c9S LLUNY. Es tractava d&#8217;anar sumant les voltes, de tots els\/les alumnes de 1r fins a 6\u00e8, que feien a un&hellip;  <a href=\"https:\/\/agora.xtec.cat\/escolabacdecerdanya\/general\/cros-escolar-cerdanya\/\" title=\"Read CROS ESCOLAR CERDANYA\">Llegeix m\u00e9s\u00bb<\/a><\/p>\n","protected":false},"author":20,"featured_media":3857,"comment_status":"open","ping_status":"closed","sticky":false,"template":"","format":"standard","meta":{"_bbp_topic_count":0,"_bbp_reply_count":0,"_bbp_total_topic_count":0,"_bbp_total_reply_count":0,"_bbp_voice_count":0,"_bbp_anonymous_reply_count":0,"_bbp_topic_count_hidden":0,"_bbp_reply_count_hidden":0,"_bbp_forum_subforum_count":0,"footnotes":""},"categories":[104,105,76,143,1,4],"tags":[],"class_list":["post-3856","post","type-post","status-publish","format-standard","has-post-thumbnail","hentry","category-inicial","category-mitja","category-cicle-superior","category-educacio-fisica","category-general","category-portada"],"post_mailing_queue_ids":[],"_links":{"self":[{"href":"https:\/\/agora.xtec.cat\/escolabacdecerdanya\/wp-json\/wp\/v2\/posts\/3856","targetHints":{"allow":["GET"]}}],"collection":[{"href":"https:\/\/agora.xtec.cat\/escolabacdecerdanya\/wp-json\/wp\/v2\/posts"}],"about":[{"href":"https:\/\/agora.xtec.cat\/escolabacdecerdanya\/wp-json\/wp\/v2\/types\/post"}],"author":[{"embeddable":true,"href":"https:\/\/agora.xtec.cat\/escolabacdecerdanya\/wp-json\/wp\/v2\/users\/20"}],"replies":[{"embeddable":true,"href":"https:\/\/agora.xtec.cat\/escolabacdecerdanya\/wp-json\/wp\/v2\/comments?post=3856"}],"version-history":[{"count":2,"href":"https:\/\/agora.xtec.cat\/escolabacdecerdanya\/wp-json\/wp\/v2\/posts\/3856\/revisions"}],"predecessor-version":[{"id":3859,"href":"https:\/\/agora.xtec.cat\/escolabacdecerdanya\/wp-json\/wp\/v2\/posts\/3856\/revisions\/3859"}],"wp:featuredmedia":[{"embeddable":true,"href":"https:\/\/agora.xtec.cat\/escolabacdecerdanya\/wp-json\/wp\/v2\/media\/3857"}],"wp:attachment":[{"href":"https:\/\/agora.xtec.cat\/escolabacdecerdanya\/wp-json\/wp\/v2\/media?parent=3856"}],"wp:term":[{"taxonomy":"category","embeddable":true,"href":"https:\/\/agora.xtec.cat\/escolabacdecerdanya\/wp-json\/wp\/v2\/categories?post=3856"},{"taxonomy":"post_tag","embeddable":true,"href":"https:\/\/agora.xtec.cat\/escolabacdecerdanya\/wp-json\/wp\/v2\/tags?post=3856"}],"curies":[{"name":"wp","href":"https:\/\/api.w.org\/{rel}","templated":true}]}}