{"id":3758,"date":"2021-05-11T18:44:56","date_gmt":"2021-05-11T16:44:56","guid":{"rendered":"http:\/\/agora.xtec.cat\/escolabacdecerdanya\/?p=3758"},"modified":"2021-05-11T18:44:56","modified_gmt":"2021-05-11T16:44:56","slug":"1r-descobrim-el-cami-de-laigua-a-lescola","status":"publish","type":"post","link":"https:\/\/agora.xtec.cat\/escolabacdecerdanya\/general\/1r-descobrim-el-cami-de-laigua-a-lescola\/","title":{"rendered":"1r- Descobrim el cam\u00ed de l&#8217;aigua a l&#8217;escola"},"content":{"rendered":"<p>Avui ha vingut a l&#8217;escola el Tom\u00e0s, el regidor d&#8217;obres, manteniment i serveis de l&#8217;Ajuntament d&#8217;Alp, i dos treballadors de la brigada municipal per ensenyar-nos com arriba l&#8217;aigua a l&#8217;escola. A classe hem estat parlant molt sobre l&#8217;aigua i ja sab\u00edem que l&#8217;aigua arriba a les cases i als pobles a trav\u00e9s de les potabilitzadores i marxa per les depuradores.<\/p>\n<p>En Tom\u00e0s ens ha explicat que a dalt del poble, ja entrant a la muntanya, hi ha uns dip\u00f2sits que baixen l&#8217;aigua per unes canonades sota terra fins arribar a les cases. Just davant la nostra classe hem descobert que hi ha l&#8217;entrada d&#8217;aigua a l&#8217;escola. Esta tapada amb una manta per a que no es congelin les tuberies. Tamb\u00e9 hem vist una mena de rellotge que regula el consum d&#8217;aigua i hem vist dos tubs per on es reparteix l&#8217;aigua per tot l&#8217;edifici.<\/p>\n<p>Despr\u00e9s hem anat a veure la caldera on s&#8217;escalfa l&#8217;aigua dels radiadors i tamb\u00e9 hem baixat a la sala de distribuci\u00f3. Ens ha cridat l&#8217;atenci\u00f3 un petit dispositiu que serveix per netejar petites impureses que pugui portar l&#8217;aigua. En aquesta sala hi havien molts tubs perqu\u00e8 \u00e9s aqu\u00ed on es distribueix l&#8217;aigua en diferents sectors de l&#8217;escola. Hem pogut seguir uns tubs molt grans que van a parar al gimn\u00e0s i serveixen per a la calefacci\u00f3. Tamb\u00e9 hem vist el calentador de la cuina per que hi hagi aigua calenta.<\/p>\n<p>Ha sigut molt interessant i hem apr\u00e8s moltes coses Si voleu veure les fotografies cliqueu al enlla\u00e7: <a href=\"https:\/\/photos.app.goo.gl\/BUu2zo2Bwz1GEUiM6\">https:\/\/photos.app.goo.gl\/BUu2zo2Bwz1GEUiM6<\/a><\/p>\n<p><img loading=\"lazy\" decoding=\"async\" class=\"aligncenter wp-image-3759 size-full\" src=\"https:\/\/agora.xtec.cat\/escolabacdecerdanya\/wp-content\/uploads\/usu1753\/2021\/05\/20210511_113330.jpg\" alt=\"\" width=\"3192\" height=\"1995\" srcset=\"https:\/\/agora.xtec.cat\/escolabacdecerdanya\/wp-content\/uploads\/usu1753\/2021\/05\/20210511_113330.jpg 3192w, https:\/\/agora.xtec.cat\/escolabacdecerdanya\/wp-content\/uploads\/usu1753\/2021\/05\/20210511_113330-300x188.jpg 300w, https:\/\/agora.xtec.cat\/escolabacdecerdanya\/wp-content\/uploads\/usu1753\/2021\/05\/20210511_113330-768x480.jpg 768w, https:\/\/agora.xtec.cat\/escolabacdecerdanya\/wp-content\/uploads\/usu1753\/2021\/05\/20210511_113330-1024x640.jpg 1024w\" sizes=\"auto, (max-width: 3192px) 100vw, 3192px\" \/><\/p>\n","protected":false},"excerpt":{"rendered":"<p>Avui ha vingut a l&#8217;escola el Tom\u00e0s, el regidor d&#8217;obres, manteniment i serveis de l&#8217;Ajuntament d&#8217;Alp, i dos treballadors de la brigada municipal per ensenyar-nos com arriba l&#8217;aigua a l&#8217;escola. A classe hem estat parlant molt sobre l&#8217;aigua i ja sab\u00edem que l&#8217;aigua arriba a&hellip;  <a href=\"https:\/\/agora.xtec.cat\/escolabacdecerdanya\/general\/1r-descobrim-el-cami-de-laigua-a-lescola\/\" title=\"Read 1r- Descobrim el cam\u00ed de l&#8217;aigua a l&#8217;escola\">Llegeix m\u00e9s\u00bb<\/a><\/p>\n","protected":false},"author":32,"featured_media":3759,"comment_status":"open","ping_status":"closed","sticky":false,"template":"","format":"standard","meta":{"_bbp_topic_count":0,"_bbp_reply_count":0,"_bbp_total_topic_count":0,"_bbp_total_reply_count":0,"_bbp_voice_count":0,"_bbp_anonymous_reply_count":0,"_bbp_topic_count_hidden":0,"_bbp_reply_count_hidden":0,"_bbp_forum_subforum_count":0,"footnotes":""},"categories":[10,104,1,4],"tags":[],"class_list":["post-3758","post","type-post","status-publish","format-standard","has-post-thumbnail","hentry","category-1r","category-inicial","category-general","category-portada"],"post_mailing_queue_ids":[],"_links":{"self":[{"href":"https:\/\/agora.xtec.cat\/escolabacdecerdanya\/wp-json\/wp\/v2\/posts\/3758","targetHints":{"allow":["GET"]}}],"collection":[{"href":"https:\/\/agora.xtec.cat\/escolabacdecerdanya\/wp-json\/wp\/v2\/posts"}],"about":[{"href":"https:\/\/agora.xtec.cat\/escolabacdecerdanya\/wp-json\/wp\/v2\/types\/post"}],"author":[{"embeddable":true,"href":"https:\/\/agora.xtec.cat\/escolabacdecerdanya\/wp-json\/wp\/v2\/users\/32"}],"replies":[{"embeddable":true,"href":"https:\/\/agora.xtec.cat\/escolabacdecerdanya\/wp-json\/wp\/v2\/comments?post=3758"}],"version-history":[{"count":1,"href":"https:\/\/agora.xtec.cat\/escolabacdecerdanya\/wp-json\/wp\/v2\/posts\/3758\/revisions"}],"predecessor-version":[{"id":3760,"href":"https:\/\/agora.xtec.cat\/escolabacdecerdanya\/wp-json\/wp\/v2\/posts\/3758\/revisions\/3760"}],"wp:featuredmedia":[{"embeddable":true,"href":"https:\/\/agora.xtec.cat\/escolabacdecerdanya\/wp-json\/wp\/v2\/media\/3759"}],"wp:attachment":[{"href":"https:\/\/agora.xtec.cat\/escolabacdecerdanya\/wp-json\/wp\/v2\/media?parent=3758"}],"wp:term":[{"taxonomy":"category","embeddable":true,"href":"https:\/\/agora.xtec.cat\/escolabacdecerdanya\/wp-json\/wp\/v2\/categories?post=3758"},{"taxonomy":"post_tag","embeddable":true,"href":"https:\/\/agora.xtec.cat\/escolabacdecerdanya\/wp-json\/wp\/v2\/tags?post=3758"}],"curies":[{"name":"wp","href":"https:\/\/api.w.org\/{rel}","templated":true}]}}