{"id":3749,"date":"2021-05-03T10:08:38","date_gmt":"2021-05-03T08:08:38","guid":{"rendered":"http:\/\/agora.xtec.cat\/escolabacdecerdanya\/?p=3749"},"modified":"2021-05-03T10:09:46","modified_gmt":"2021-05-03T08:09:46","slug":"cicle-inicial-visitem-obres-de-gaudi-a-barcelona","status":"publish","type":"post","link":"https:\/\/agora.xtec.cat\/escolabacdecerdanya\/general\/cicle-inicial-visitem-obres-de-gaudi-a-barcelona\/","title":{"rendered":"Cicle inicial visitem obres de Gaud\u00ed a Barcelona!"},"content":{"rendered":"<p><a href=\"https:\/\/agora.xtec.cat\/escolabacdecerdanya\/wp-content\/uploads\/usu1753\/2021\/05\/20210429_151036.jpg\"><img loading=\"lazy\" decoding=\"async\" class=\"wp-image-3752 alignleft\" src=\"https:\/\/agora.xtec.cat\/escolabacdecerdanya\/wp-content\/uploads\/usu1753\/2021\/05\/20210429_151036-1024x768.jpg\" alt=\"\" width=\"114\" height=\"152\" \/><\/a>Dijous passat els nens i nenes de 1r i 2n vam anar d&#8217;excursi\u00f3 a Barcelona.<\/p>\n<p>L&#8217;objectiu era visitar algunes de les obres de Gaud\u00ed com a cloenda final del projecte que hem estat treballant a l&#8217;escola.<\/p>\n<p>En arribar vam fer una primera visita al Park G\u00fcell; all\u00e0 vam tenir dos guies (un per 1r i un per 2n) que ens van preguntar i explicar un munt de coses sobre la construcci\u00f3 del parc. Despr\u00e9s vam dinar all\u00e0 mateix, a la zona de picnic, i un munt de coloms i lloros ens venien a fer companyia.<\/p>\n<p>A la tarda vam pujar a l&#8217;autocar i vam anar a fer una visita exterior a la Sagrada Fam\u00edlia i una altra al Passeig de Gr\u00e0cia per veure La Pedrera, la Casa Batll\u00f3, els fals de trencad\u00eds i el terra de la vorera! &#8230; tamb\u00e9 obres de Gaud\u00ed.<\/p>\n<p>Ens va agradar molt poder veure en directe tot all\u00f2 que hem estat treballant a l&#8217;escola!&#8230; si en voleu veure m\u00e9s entreu a les imatges i veureu les fotos de cada grup!<\/p>\n<p><a href=\"https:\/\/photos.app.goo.gl\/mojBX3txHwjD9SSm9\"><img loading=\"lazy\" decoding=\"async\" class=\"wp-image-3750 alignright\" src=\"https:\/\/agora.xtec.cat\/escolabacdecerdanya\/wp-content\/uploads\/usu1753\/2021\/05\/d9bd7884-78c1-42cb-b852-ac23665f2ba5-1024x576.jpg\" alt=\"\" width=\"508\" height=\"285\" srcset=\"https:\/\/agora.xtec.cat\/escolabacdecerdanya\/wp-content\/uploads\/usu1753\/2021\/05\/d9bd7884-78c1-42cb-b852-ac23665f2ba5-1024x576.jpg 1024w, https:\/\/agora.xtec.cat\/escolabacdecerdanya\/wp-content\/uploads\/usu1753\/2021\/05\/d9bd7884-78c1-42cb-b852-ac23665f2ba5-300x169.jpg 300w, https:\/\/agora.xtec.cat\/escolabacdecerdanya\/wp-content\/uploads\/usu1753\/2021\/05\/d9bd7884-78c1-42cb-b852-ac23665f2ba5-768x432.jpg 768w, https:\/\/agora.xtec.cat\/escolabacdecerdanya\/wp-content\/uploads\/usu1753\/2021\/05\/d9bd7884-78c1-42cb-b852-ac23665f2ba5.jpg 1440w\" sizes=\"auto, (max-width: 508px) 100vw, 508px\" \/><\/a><a href=\"https:\/\/photos.app.goo.gl\/tME7MKWfKenq3u6o9\"><img loading=\"lazy\" decoding=\"async\" class=\"alignnone wp-image-3751\" src=\"https:\/\/agora.xtec.cat\/escolabacdecerdanya\/wp-content\/uploads\/usu1753\/2021\/05\/20210429_122647-1024x768.jpg\" alt=\"\" width=\"515\" height=\"386\" srcset=\"https:\/\/agora.xtec.cat\/escolabacdecerdanya\/wp-content\/uploads\/usu1753\/2021\/05\/20210429_122647-1024x768.jpg 1024w, https:\/\/agora.xtec.cat\/escolabacdecerdanya\/wp-content\/uploads\/usu1753\/2021\/05\/20210429_122647-300x225.jpg 300w, https:\/\/agora.xtec.cat\/escolabacdecerdanya\/wp-content\/uploads\/usu1753\/2021\/05\/20210429_122647-768x576.jpg 768w, https:\/\/agora.xtec.cat\/escolabacdecerdanya\/wp-content\/uploads\/usu1753\/2021\/05\/20210429_122647-200x150.jpg 200w\" sizes=\"auto, (max-width: 515px) 100vw, 515px\" \/><\/a><\/p>\n","protected":false},"excerpt":{"rendered":"<p><a href=\"https:\/\/agora.xtec.cat\/escolabacdecerdanya\/wp-content\/uploads\/usu1753\/2021\/05\/20210429_151036.jpg\"><\/a>Dijous passat els nens i nenes de 1r i 2n vam anar d&#8217;excursi\u00f3 a Barcelona.<br \/>\nL&#8217;objectiu era visitar algunes de les obres de Gaud\u00ed com a cloenda final del projecte que hem estat treballant a l&#8217;escola.<br \/>\nEn arribar vam fer una primera visita al Park G\u00fcell;&hellip;  <a href=\"https:\/\/agora.xtec.cat\/escolabacdecerdanya\/general\/cicle-inicial-visitem-obres-de-gaudi-a-barcelona\/\" title=\"Read Cicle inicial visitem obres de Gaud\u00ed a Barcelona!\">Llegeix m\u00e9s\u00bb<\/a><\/p>\n","protected":false},"author":8,"featured_media":3752,"comment_status":"open","ping_status":"closed","sticky":false,"template":"","format":"standard","meta":{"_bbp_topic_count":0,"_bbp_reply_count":0,"_bbp_total_topic_count":0,"_bbp_total_reply_count":0,"_bbp_voice_count":0,"_bbp_anonymous_reply_count":0,"_bbp_topic_count_hidden":0,"_bbp_reply_count_hidden":0,"_bbp_forum_subforum_count":0,"footnotes":""},"categories":[10,11,104,1,4],"tags":[],"class_list":["post-3749","post","type-post","status-publish","format-standard","has-post-thumbnail","hentry","category-1r","category-2n","category-inicial","category-general","category-portada"],"post_mailing_queue_ids":[],"_links":{"self":[{"href":"https:\/\/agora.xtec.cat\/escolabacdecerdanya\/wp-json\/wp\/v2\/posts\/3749","targetHints":{"allow":["GET"]}}],"collection":[{"href":"https:\/\/agora.xtec.cat\/escolabacdecerdanya\/wp-json\/wp\/v2\/posts"}],"about":[{"href":"https:\/\/agora.xtec.cat\/escolabacdecerdanya\/wp-json\/wp\/v2\/types\/post"}],"author":[{"embeddable":true,"href":"https:\/\/agora.xtec.cat\/escolabacdecerdanya\/wp-json\/wp\/v2\/users\/8"}],"replies":[{"embeddable":true,"href":"https:\/\/agora.xtec.cat\/escolabacdecerdanya\/wp-json\/wp\/v2\/comments?post=3749"}],"version-history":[{"count":3,"href":"https:\/\/agora.xtec.cat\/escolabacdecerdanya\/wp-json\/wp\/v2\/posts\/3749\/revisions"}],"predecessor-version":[{"id":3755,"href":"https:\/\/agora.xtec.cat\/escolabacdecerdanya\/wp-json\/wp\/v2\/posts\/3749\/revisions\/3755"}],"wp:featuredmedia":[{"embeddable":true,"href":"https:\/\/agora.xtec.cat\/escolabacdecerdanya\/wp-json\/wp\/v2\/media\/3752"}],"wp:attachment":[{"href":"https:\/\/agora.xtec.cat\/escolabacdecerdanya\/wp-json\/wp\/v2\/media?parent=3749"}],"wp:term":[{"taxonomy":"category","embeddable":true,"href":"https:\/\/agora.xtec.cat\/escolabacdecerdanya\/wp-json\/wp\/v2\/categories?post=3749"},{"taxonomy":"post_tag","embeddable":true,"href":"https:\/\/agora.xtec.cat\/escolabacdecerdanya\/wp-json\/wp\/v2\/tags?post=3749"}],"curies":[{"name":"wp","href":"https:\/\/api.w.org\/{rel}","templated":true}]}}