{"id":3713,"date":"2021-04-14T21:34:01","date_gmt":"2021-04-14T19:34:01","guid":{"rendered":"http:\/\/agora.xtec.cat\/escolabacdecerdanya\/?p=3713"},"modified":"2021-04-14T21:34:01","modified_gmt":"2021-04-14T19:34:01","slug":"jaime-ou-je-naime-pas","status":"publish","type":"post","link":"https:\/\/agora.xtec.cat\/escolabacdecerdanya\/general\/jaime-ou-je-naime-pas\/","title":{"rendered":"J&#8217;AIME O\u00d9 JE N&#8217;AIME PAS&#8230;"},"content":{"rendered":"<p>Les \u00e9l\u00e8ves du troisi\u00e8me cours expriment leurs go\u00fbts avec sa baguette magique. C&#8217;est cool! (els alumnes de tercer expressen els seus gustos amb la seva vareta m\u00e0gica. Qu\u00e8 divertit!)<\/p>\n<p><a href=\"https:\/\/photos.app.goo.gl\/daVWB5xcbW8TEYwe6\"><img loading=\"lazy\" decoding=\"async\" class=\"aligncenter wp-image-3714 size-medium\" src=\"https:\/\/agora.xtec.cat\/escolabacdecerdanya\/wp-content\/uploads\/usu1753\/2021\/04\/20210412_113825_opt-300x225.jpg\" alt=\"\" width=\"300\" height=\"225\" srcset=\"https:\/\/agora.xtec.cat\/escolabacdecerdanya\/wp-content\/uploads\/usu1753\/2021\/04\/20210412_113825_opt-300x225.jpg 300w, https:\/\/agora.xtec.cat\/escolabacdecerdanya\/wp-content\/uploads\/usu1753\/2021\/04\/20210412_113825_opt-200x150.jpg 200w, https:\/\/agora.xtec.cat\/escolabacdecerdanya\/wp-content\/uploads\/usu1753\/2021\/04\/20210412_113825_opt.jpg 400w\" sizes=\"auto, (max-width: 300px) 100vw, 300px\" \/><\/a><\/p>\n","protected":false},"excerpt":{"rendered":"<p>Les \u00e9l\u00e8ves du troisi\u00e8me cours expriment leurs go\u00fbts avec sa baguette magique. C&#8217;est cool! (els alumnes de tercer expressen els seus gustos amb la seva vareta m\u00e0gica. Qu\u00e8 divertit!)<br \/>\n<a href=\"https:\/\/photos.app.goo.gl\/daVWB5xcbW8TEYwe6\"><\/a><\/p>\n","protected":false},"author":6,"featured_media":3714,"comment_status":"open","ping_status":"closed","sticky":false,"template":"","format":"standard","meta":{"_bbp_topic_count":0,"_bbp_reply_count":0,"_bbp_total_topic_count":0,"_bbp_total_reply_count":0,"_bbp_voice_count":0,"_bbp_anonymous_reply_count":0,"_bbp_topic_count_hidden":0,"_bbp_reply_count_hidden":0,"_bbp_forum_subforum_count":0,"footnotes":""},"categories":[12,105,156,1,162,61,4],"tags":[],"class_list":["post-3713","post","type-post","status-publish","format-standard","has-post-thumbnail","hentry","category-3r","category-mitja","category-francais","category-general","category-llengues-estrangeres","category-novetats","category-portada"],"post_mailing_queue_ids":[],"_links":{"self":[{"href":"https:\/\/agora.xtec.cat\/escolabacdecerdanya\/wp-json\/wp\/v2\/posts\/3713","targetHints":{"allow":["GET"]}}],"collection":[{"href":"https:\/\/agora.xtec.cat\/escolabacdecerdanya\/wp-json\/wp\/v2\/posts"}],"about":[{"href":"https:\/\/agora.xtec.cat\/escolabacdecerdanya\/wp-json\/wp\/v2\/types\/post"}],"author":[{"embeddable":true,"href":"https:\/\/agora.xtec.cat\/escolabacdecerdanya\/wp-json\/wp\/v2\/users\/6"}],"replies":[{"embeddable":true,"href":"https:\/\/agora.xtec.cat\/escolabacdecerdanya\/wp-json\/wp\/v2\/comments?post=3713"}],"version-history":[{"count":2,"href":"https:\/\/agora.xtec.cat\/escolabacdecerdanya\/wp-json\/wp\/v2\/posts\/3713\/revisions"}],"predecessor-version":[{"id":3716,"href":"https:\/\/agora.xtec.cat\/escolabacdecerdanya\/wp-json\/wp\/v2\/posts\/3713\/revisions\/3716"}],"wp:featuredmedia":[{"embeddable":true,"href":"https:\/\/agora.xtec.cat\/escolabacdecerdanya\/wp-json\/wp\/v2\/media\/3714"}],"wp:attachment":[{"href":"https:\/\/agora.xtec.cat\/escolabacdecerdanya\/wp-json\/wp\/v2\/media?parent=3713"}],"wp:term":[{"taxonomy":"category","embeddable":true,"href":"https:\/\/agora.xtec.cat\/escolabacdecerdanya\/wp-json\/wp\/v2\/categories?post=3713"},{"taxonomy":"post_tag","embeddable":true,"href":"https:\/\/agora.xtec.cat\/escolabacdecerdanya\/wp-json\/wp\/v2\/tags?post=3713"}],"curies":[{"name":"wp","href":"https:\/\/api.w.org\/{rel}","templated":true}]}}