{"id":3692,"date":"2021-04-09T14:38:22","date_gmt":"2021-04-09T12:38:22","guid":{"rendered":"http:\/\/agora.xtec.cat\/escolabacdecerdanya\/?p=3692"},"modified":"2021-04-09T14:51:30","modified_gmt":"2021-04-09T12:51:30","slug":"exposicio-antoni-gaudi-de-1r","status":"publish","type":"post","link":"https:\/\/agora.xtec.cat\/escolabacdecerdanya\/general\/exposicio-antoni-gaudi-de-1r\/","title":{"rendered":"V\u00eddeo exposici\u00f3 Antoni Gaud\u00ed de 1r"},"content":{"rendered":"<p>Com ja sabreu, el segon trimestre va estar marcat pel treball que vam fer sobre l&#8217;obra de Gaud\u00ed. Vam aprendre moltes coes i al finalitzar tots els tallers vam fer una exposici\u00f3 amb tot all\u00f2 que haviem fet i apr\u00e9s. Ens hagu\u00e8s agradat molt poder-vos conviar a veure l&#8217;exposici\u00f3 personalment per\u00f2 donades les normes anti Covid aix\u00f2 no va ser possible. Per\u00f2 no patiu! Ten\u00edem moltes ganes de compartir-ho amb tothom i per aix\u00f2 hem realitzat un v\u00eddeo resum del treball que hem fet.<\/p>\n<p>Esperem que us agadi!<\/p>\n<p><iframe loading=\"lazy\" src=\"https:\/\/www.youtube.com\/embed\/4ihvUM_QJJg\" width=\"560\" height=\"315\" frameborder=\"0\"><\/iframe><\/p>\n<p>&nbsp;<\/p>\n<p>&nbsp;<\/p>\n","protected":false},"excerpt":{"rendered":"<p>Com ja sabreu, el segon trimestre va estar marcat pel treball que vam fer sobre l&#8217;obra de Gaud\u00ed. Vam aprendre moltes coes i al finalitzar tots els tallers vam fer una exposici\u00f3 amb tot all\u00f2 que haviem fet i apr\u00e9s. Ens hagu\u00e8s agradat molt poder-vos&hellip;  <a href=\"https:\/\/agora.xtec.cat\/escolabacdecerdanya\/general\/exposicio-antoni-gaudi-de-1r\/\" title=\"Read V\u00eddeo exposici\u00f3 Antoni Gaud\u00ed de 1r\">Llegeix m\u00e9s\u00bb<\/a><\/p>\n","protected":false},"author":32,"featured_media":3672,"comment_status":"open","ping_status":"closed","sticky":false,"template":"","format":"standard","meta":{"_bbp_topic_count":0,"_bbp_reply_count":0,"_bbp_total_topic_count":0,"_bbp_total_reply_count":0,"_bbp_voice_count":0,"_bbp_anonymous_reply_count":0,"_bbp_topic_count_hidden":0,"_bbp_reply_count_hidden":0,"_bbp_forum_subforum_count":0,"footnotes":""},"categories":[10,104,1,4],"tags":[],"class_list":["post-3692","post","type-post","status-publish","format-standard","has-post-thumbnail","hentry","category-1r","category-inicial","category-general","category-portada"],"post_mailing_queue_ids":[],"_links":{"self":[{"href":"https:\/\/agora.xtec.cat\/escolabacdecerdanya\/wp-json\/wp\/v2\/posts\/3692","targetHints":{"allow":["GET"]}}],"collection":[{"href":"https:\/\/agora.xtec.cat\/escolabacdecerdanya\/wp-json\/wp\/v2\/posts"}],"about":[{"href":"https:\/\/agora.xtec.cat\/escolabacdecerdanya\/wp-json\/wp\/v2\/types\/post"}],"author":[{"embeddable":true,"href":"https:\/\/agora.xtec.cat\/escolabacdecerdanya\/wp-json\/wp\/v2\/users\/32"}],"replies":[{"embeddable":true,"href":"https:\/\/agora.xtec.cat\/escolabacdecerdanya\/wp-json\/wp\/v2\/comments?post=3692"}],"version-history":[{"count":3,"href":"https:\/\/agora.xtec.cat\/escolabacdecerdanya\/wp-json\/wp\/v2\/posts\/3692\/revisions"}],"predecessor-version":[{"id":3697,"href":"https:\/\/agora.xtec.cat\/escolabacdecerdanya\/wp-json\/wp\/v2\/posts\/3692\/revisions\/3697"}],"wp:featuredmedia":[{"embeddable":true,"href":"https:\/\/agora.xtec.cat\/escolabacdecerdanya\/wp-json\/wp\/v2\/media\/3672"}],"wp:attachment":[{"href":"https:\/\/agora.xtec.cat\/escolabacdecerdanya\/wp-json\/wp\/v2\/media?parent=3692"}],"wp:term":[{"taxonomy":"category","embeddable":true,"href":"https:\/\/agora.xtec.cat\/escolabacdecerdanya\/wp-json\/wp\/v2\/categories?post=3692"},{"taxonomy":"post_tag","embeddable":true,"href":"https:\/\/agora.xtec.cat\/escolabacdecerdanya\/wp-json\/wp\/v2\/tags?post=3692"}],"curies":[{"name":"wp","href":"https:\/\/api.w.org\/{rel}","templated":true}]}}