{"id":3688,"date":"2021-03-31T12:39:52","date_gmt":"2021-03-31T10:39:52","guid":{"rendered":"http:\/\/agora.xtec.cat\/escolabacdecerdanya\/?p=3688"},"modified":"2021-03-31T12:39:52","modified_gmt":"2021-03-31T10:39:52","slug":"entrevistem-a-la-isabel","status":"publish","type":"post","link":"https:\/\/agora.xtec.cat\/escolabacdecerdanya\/general\/entrevistem-a-la-isabel\/","title":{"rendered":"ENTREVISTEM A LA ISABEL!"},"content":{"rendered":"<p>I aqu\u00ed us deixem la \u00faltima entrevista que vam fer del projecte de la fam\u00edlia i l&#8217;escola.<\/p>\n<p>A l&#8217;observar a les persones que treballaven a l&#8217;escola, vam veure que no ttos eren mestres i monitores de menjador, tamb\u00e9 entren altres persones com la Isabel, la logopeda del CREDA que ve a l&#8217;escola a ajudar a alguns alumnes.<\/p>\n<p>Aqu\u00ed teniu l&#8217;entrevista que li van fer el Youssef i la Melania.<\/p>\n<p>Moltes gr\u00e0cies Isabel per ajudar-nos amb l&#8217;entrevista!!<\/p>\n<p><iframe loading=\"lazy\" width=\"560\" height=\"315\" src=\"https:\/\/www.youtube.com\/embed\/vkG5W7nidgI\" title=\"YouTube video player\" frameborder=\"0\"><\/iframe>&nbsp;<\/p>\n","protected":false},"excerpt":{"rendered":"<p>\u00daltima entrevista que vam fer com a feina del projecte de la fam\u00edlia i l&#8217;escola. Aquesta la fan en Youssef i la Melania a la Isabel, la logopeda que ve a l&#8217;escola.&hellip;  <a href=\"https:\/\/agora.xtec.cat\/escolabacdecerdanya\/general\/entrevistem-a-la-isabel\/\" title=\"Read ENTREVISTEM A LA ISABEL!\">Llegeix m\u00e9s\u00bb<\/a><\/p>\n","protected":false},"author":3,"featured_media":3545,"comment_status":"open","ping_status":"closed","sticky":false,"template":"","format":"standard","meta":{"_bbp_topic_count":0,"_bbp_reply_count":0,"_bbp_total_topic_count":0,"_bbp_total_reply_count":0,"_bbp_voice_count":0,"_bbp_anonymous_reply_count":0,"_bbp_topic_count_hidden":0,"_bbp_reply_count_hidden":0,"_bbp_forum_subforum_count":0,"footnotes":""},"categories":[11,104,1,61,4],"tags":[208,166],"class_list":["post-3688","post","type-post","status-publish","format-standard","has-post-thumbnail","hentry","category-2n","category-inicial","category-general","category-novetats","category-portada","tag-entrevistes","tag-projecte"],"post_mailing_queue_ids":[],"_links":{"self":[{"href":"https:\/\/agora.xtec.cat\/escolabacdecerdanya\/wp-json\/wp\/v2\/posts\/3688","targetHints":{"allow":["GET"]}}],"collection":[{"href":"https:\/\/agora.xtec.cat\/escolabacdecerdanya\/wp-json\/wp\/v2\/posts"}],"about":[{"href":"https:\/\/agora.xtec.cat\/escolabacdecerdanya\/wp-json\/wp\/v2\/types\/post"}],"author":[{"embeddable":true,"href":"https:\/\/agora.xtec.cat\/escolabacdecerdanya\/wp-json\/wp\/v2\/users\/3"}],"replies":[{"embeddable":true,"href":"https:\/\/agora.xtec.cat\/escolabacdecerdanya\/wp-json\/wp\/v2\/comments?post=3688"}],"version-history":[{"count":1,"href":"https:\/\/agora.xtec.cat\/escolabacdecerdanya\/wp-json\/wp\/v2\/posts\/3688\/revisions"}],"predecessor-version":[{"id":3689,"href":"https:\/\/agora.xtec.cat\/escolabacdecerdanya\/wp-json\/wp\/v2\/posts\/3688\/revisions\/3689"}],"wp:featuredmedia":[{"embeddable":true,"href":"https:\/\/agora.xtec.cat\/escolabacdecerdanya\/wp-json\/wp\/v2\/media\/3545"}],"wp:attachment":[{"href":"https:\/\/agora.xtec.cat\/escolabacdecerdanya\/wp-json\/wp\/v2\/media?parent=3688"}],"wp:term":[{"taxonomy":"category","embeddable":true,"href":"https:\/\/agora.xtec.cat\/escolabacdecerdanya\/wp-json\/wp\/v2\/categories?post=3688"},{"taxonomy":"post_tag","embeddable":true,"href":"https:\/\/agora.xtec.cat\/escolabacdecerdanya\/wp-json\/wp\/v2\/tags?post=3688"}],"curies":[{"name":"wp","href":"https:\/\/api.w.org\/{rel}","templated":true}]}}