{"id":3684,"date":"2021-03-31T12:19:51","date_gmt":"2021-03-31T10:19:51","guid":{"rendered":"http:\/\/agora.xtec.cat\/escolabacdecerdanya\/?p=3684"},"modified":"2021-03-31T12:19:51","modified_gmt":"2021-03-31T10:19:51","slug":"entrevistem-a-la-laura","status":"publish","type":"post","link":"https:\/\/agora.xtec.cat\/escolabacdecerdanya\/general\/entrevistem-a-la-laura\/","title":{"rendered":"ENTREVISTEM A LA LAURA!"},"content":{"rendered":"<p>Durant la primera part d&#8217;aquest trimestre, hem treballat el projecte de la fam\u00edlia i l&#8217;escola.<\/p>\n<p>A l&#8217;observar l&#8217;escola, vam veure tant els espais que tenia com els oficis que hi havia. A partir d&#8217;aqu\u00ed vam preparar unes entrevistes en parelles.<\/p>\n<p>Aqu\u00ed podeu veure el v\u00eddeo de quan el Kenzo i la Llum van entrevistar a la Laura, la nostra mestra i la secret\u00e0ria de l&#8217;escola.<\/p>\n<p>Gr\u00e0cies Laura per respondre&#8217;ns a totes les preguntes!!<\/p>\n<p><iframe loading=\"lazy\" width=\"560\" height=\"315\" src=\"https:\/\/www.youtube.com\/embed\/or6MTbBbey8\" title=\"YouTube video player\" frameborder=\"0\"><\/iframe>&nbsp;<\/p>\n","protected":false},"excerpt":{"rendered":"<p>Com a feina del projecte de la fam\u00edlia i l&#8217;escola, hem fet entrevistes a diferents persones que treballen a l&#8217;escola. Aqu\u00ed teniu l&#8217;entrevista a la Laura que van fer en Kenzo i la Llum.&hellip;  <a href=\"https:\/\/agora.xtec.cat\/escolabacdecerdanya\/general\/entrevistem-a-la-laura\/\" title=\"Read ENTREVISTEM A LA LAURA!\">Llegeix m\u00e9s\u00bb<\/a><\/p>\n","protected":false},"author":3,"featured_media":3545,"comment_status":"open","ping_status":"closed","sticky":false,"template":"","format":"standard","meta":{"_bbp_topic_count":0,"_bbp_reply_count":0,"_bbp_total_topic_count":0,"_bbp_total_reply_count":0,"_bbp_voice_count":0,"_bbp_anonymous_reply_count":0,"_bbp_topic_count_hidden":0,"_bbp_reply_count_hidden":0,"_bbp_forum_subforum_count":0,"footnotes":""},"categories":[11,104,1,61,4],"tags":[208,166],"class_list":["post-3684","post","type-post","status-publish","format-standard","has-post-thumbnail","hentry","category-2n","category-inicial","category-general","category-novetats","category-portada","tag-entrevistes","tag-projecte"],"post_mailing_queue_ids":[],"_links":{"self":[{"href":"https:\/\/agora.xtec.cat\/escolabacdecerdanya\/wp-json\/wp\/v2\/posts\/3684","targetHints":{"allow":["GET"]}}],"collection":[{"href":"https:\/\/agora.xtec.cat\/escolabacdecerdanya\/wp-json\/wp\/v2\/posts"}],"about":[{"href":"https:\/\/agora.xtec.cat\/escolabacdecerdanya\/wp-json\/wp\/v2\/types\/post"}],"author":[{"embeddable":true,"href":"https:\/\/agora.xtec.cat\/escolabacdecerdanya\/wp-json\/wp\/v2\/users\/3"}],"replies":[{"embeddable":true,"href":"https:\/\/agora.xtec.cat\/escolabacdecerdanya\/wp-json\/wp\/v2\/comments?post=3684"}],"version-history":[{"count":1,"href":"https:\/\/agora.xtec.cat\/escolabacdecerdanya\/wp-json\/wp\/v2\/posts\/3684\/revisions"}],"predecessor-version":[{"id":3685,"href":"https:\/\/agora.xtec.cat\/escolabacdecerdanya\/wp-json\/wp\/v2\/posts\/3684\/revisions\/3685"}],"wp:featuredmedia":[{"embeddable":true,"href":"https:\/\/agora.xtec.cat\/escolabacdecerdanya\/wp-json\/wp\/v2\/media\/3545"}],"wp:attachment":[{"href":"https:\/\/agora.xtec.cat\/escolabacdecerdanya\/wp-json\/wp\/v2\/media?parent=3684"}],"wp:term":[{"taxonomy":"category","embeddable":true,"href":"https:\/\/agora.xtec.cat\/escolabacdecerdanya\/wp-json\/wp\/v2\/categories?post=3684"},{"taxonomy":"post_tag","embeddable":true,"href":"https:\/\/agora.xtec.cat\/escolabacdecerdanya\/wp-json\/wp\/v2\/tags?post=3684"}],"curies":[{"name":"wp","href":"https:\/\/api.w.org\/{rel}","templated":true}]}}