{"id":3670,"date":"2021-03-30T10:26:25","date_gmt":"2021-03-30T08:26:25","guid":{"rendered":"http:\/\/agora.xtec.cat\/escolabacdecerdanya\/?p=3670"},"modified":"2021-03-30T10:26:25","modified_gmt":"2021-03-30T08:26:25","slug":"la-motxilla-cohesionadora","status":"publish","type":"post","link":"https:\/\/agora.xtec.cat\/escolabacdecerdanya\/general\/la-motxilla-cohesionadora\/","title":{"rendered":"LA MOTXILLA COHESIONADORA"},"content":{"rendered":"<p>Un dia ens va apar\u00e8ixer una motxilla molt misteriosa a la classe que no era de ning\u00fa i que tenia un candau amb quatre d\u00edgits. A la butxaca petita hi havia una carta on ens explicava que per poder obrir-la hav\u00edem de passar una s\u00e8rie de proves que nom\u00e9s podr\u00edem superar si les f\u00e8iem tots junts, en equip. Despr\u00e9s de fer les activitats i superar-les amb \u00e8xit, vam poder obrir la motxilla i vam tenir la nostra recompensa!<\/p>\n<p style=\"text-align: center\">Aqu\u00ed podeu veure les fotos!<\/p>\n<p style=\"text-align: center\"><a href=\"https:\/\/photos.app.goo.gl\/GhZgjNmWnMwEWJET7\"><img loading=\"lazy\" decoding=\"async\" class=\"alignnone size-full wp-image-3682\" src=\"https:\/\/agora.xtec.cat\/escolabacdecerdanya\/wp-content\/uploads\/usu1753\/2021\/03\/foto-2.png\" alt=\"\" width=\"444\" height=\"332\" srcset=\"https:\/\/agora.xtec.cat\/escolabacdecerdanya\/wp-content\/uploads\/usu1753\/2021\/03\/foto-2.png 444w, https:\/\/agora.xtec.cat\/escolabacdecerdanya\/wp-content\/uploads\/usu1753\/2021\/03\/foto-2-300x224.png 300w, https:\/\/agora.xtec.cat\/escolabacdecerdanya\/wp-content\/uploads\/usu1753\/2021\/03\/foto-2-200x150.png 200w\" sizes=\"auto, (max-width: 444px) 100vw, 444px\" \/><\/a><\/p>\n","protected":false},"excerpt":{"rendered":"<p>Un dia ens va apar\u00e8ixer una motxilla molt misteriosa a la classe que no era de ning\u00fa i que tenia un candau amb quatre d\u00edgits. A la butxaca petita hi havia una carta on ens explicava que per poder obrir-la hav\u00edem de passar una s\u00e8rie&hellip;  <a href=\"https:\/\/agora.xtec.cat\/escolabacdecerdanya\/general\/la-motxilla-cohesionadora\/\" title=\"Read LA MOTXILLA COHESIONADORA\">Llegeix m\u00e9s\u00bb<\/a><\/p>\n","protected":false},"author":27,"featured_media":3680,"comment_status":"open","ping_status":"closed","sticky":false,"template":"","format":"standard","meta":{"_bbp_topic_count":0,"_bbp_reply_count":0,"_bbp_total_topic_count":0,"_bbp_total_reply_count":0,"_bbp_voice_count":0,"_bbp_anonymous_reply_count":0,"_bbp_topic_count_hidden":0,"_bbp_reply_count_hidden":0,"_bbp_forum_subforum_count":0,"footnotes":""},"categories":[15,76,1,4],"tags":[],"class_list":["post-3670","post","type-post","status-publish","format-standard","has-post-thumbnail","hentry","category-6e","category-cicle-superior","category-general","category-portada"],"post_mailing_queue_ids":[],"_links":{"self":[{"href":"https:\/\/agora.xtec.cat\/escolabacdecerdanya\/wp-json\/wp\/v2\/posts\/3670","targetHints":{"allow":["GET"]}}],"collection":[{"href":"https:\/\/agora.xtec.cat\/escolabacdecerdanya\/wp-json\/wp\/v2\/posts"}],"about":[{"href":"https:\/\/agora.xtec.cat\/escolabacdecerdanya\/wp-json\/wp\/v2\/types\/post"}],"author":[{"embeddable":true,"href":"https:\/\/agora.xtec.cat\/escolabacdecerdanya\/wp-json\/wp\/v2\/users\/27"}],"replies":[{"embeddable":true,"href":"https:\/\/agora.xtec.cat\/escolabacdecerdanya\/wp-json\/wp\/v2\/comments?post=3670"}],"version-history":[{"count":1,"href":"https:\/\/agora.xtec.cat\/escolabacdecerdanya\/wp-json\/wp\/v2\/posts\/3670\/revisions"}],"predecessor-version":[{"id":3683,"href":"https:\/\/agora.xtec.cat\/escolabacdecerdanya\/wp-json\/wp\/v2\/posts\/3670\/revisions\/3683"}],"wp:featuredmedia":[{"embeddable":true,"href":"https:\/\/agora.xtec.cat\/escolabacdecerdanya\/wp-json\/wp\/v2\/media\/3680"}],"wp:attachment":[{"href":"https:\/\/agora.xtec.cat\/escolabacdecerdanya\/wp-json\/wp\/v2\/media?parent=3670"}],"wp:term":[{"taxonomy":"category","embeddable":true,"href":"https:\/\/agora.xtec.cat\/escolabacdecerdanya\/wp-json\/wp\/v2\/categories?post=3670"},{"taxonomy":"post_tag","embeddable":true,"href":"https:\/\/agora.xtec.cat\/escolabacdecerdanya\/wp-json\/wp\/v2\/tags?post=3670"}],"curies":[{"name":"wp","href":"https:\/\/api.w.org\/{rel}","templated":true}]}}