{"id":3640,"date":"2021-03-30T00:21:30","date_gmt":"2021-03-29T22:21:30","guid":{"rendered":"http:\/\/agora.xtec.cat\/escolabacdecerdanya\/?p=3640"},"modified":"2021-03-30T00:58:52","modified_gmt":"2021-03-29T22:58:52","slug":"taller-paraules-amables","status":"publish","type":"post","link":"https:\/\/agora.xtec.cat\/escolabacdecerdanya\/general\/taller-paraules-amables\/","title":{"rendered":"TALLER &#8220;Paraules amables&#8221;"},"content":{"rendered":"<p>Des del programa &#8220;Sigues tu&#8221; que treballem a l&#8217;escola ens van proposar venir a fer un taller a l&#8217;escola. Abans per\u00f2 ens van demanar que, com a activitat pr\u00e8via, f\u00e9ssim un mural sobre les paraules amables que s\u00f3n aquelles que ens agrada que ens diguin i un altre mural amb les paraules que a vegades diem o ens diuen i que ens fan mal, ja que s\u00f3n insults o paraules desagradables. Aix\u00ed doncs, hem dedicat un rac\u00f3 a aquesta activitat i cada setmana hem intentat afegir alguna paraula nova. El dia 25 de mar\u00e7 va venir el Dani a fer-nos el taller que va consistir a dir en veu alta qu\u00e8 no els agrada que els facin o els diguin els companys de classe i a dir virtuts dels nens\/es del seu costat.<\/p>\n<p style=\"text-align: center\">Aqu\u00ed podeu veure les fotos!<\/p>\n<p><a href=\"https:\/\/photos.app.goo.gl\/pJpcB2M4xzfDY5B1A\"><img loading=\"lazy\" decoding=\"async\" class=\"wp-image-3654 aligncenter\" src=\"https:\/\/agora.xtec.cat\/escolabacdecerdanya\/wp-content\/uploads\/usu1753\/2021\/03\/FOTO-PARAULES-1-1024x601.jpg\" alt=\"\" width=\"649\" height=\"381\" srcset=\"https:\/\/agora.xtec.cat\/escolabacdecerdanya\/wp-content\/uploads\/usu1753\/2021\/03\/FOTO-PARAULES-1-1024x601.jpg 1024w, https:\/\/agora.xtec.cat\/escolabacdecerdanya\/wp-content\/uploads\/usu1753\/2021\/03\/FOTO-PARAULES-1-300x176.jpg 300w, https:\/\/agora.xtec.cat\/escolabacdecerdanya\/wp-content\/uploads\/usu1753\/2021\/03\/FOTO-PARAULES-1-768x451.jpg 768w, https:\/\/agora.xtec.cat\/escolabacdecerdanya\/wp-content\/uploads\/usu1753\/2021\/03\/FOTO-PARAULES-1.jpg 2024w\" sizes=\"auto, (max-width: 649px) 100vw, 649px\" \/><\/a><\/p>\n","protected":false},"excerpt":{"rendered":"<p>Des del programa &#8220;Sigues tu&#8221; que treballem a l&#8217;escola ens van proposar venir a fer un taller a l&#8217;escola. Abans per\u00f2 ens van demanar que, com a activitat pr\u00e8via, f\u00e9ssim un mural sobre les paraules amables que s\u00f3n aquelles que ens agrada que ens diguin&hellip;  <a href=\"https:\/\/agora.xtec.cat\/escolabacdecerdanya\/general\/taller-paraules-amables\/\" title=\"Read TALLER &#8220;Paraules amables&#8221;\">Llegeix m\u00e9s\u00bb<\/a><\/p>\n","protected":false},"author":27,"featured_media":3653,"comment_status":"open","ping_status":"closed","sticky":false,"template":"","format":"standard","meta":{"_bbp_topic_count":0,"_bbp_reply_count":0,"_bbp_total_topic_count":0,"_bbp_total_reply_count":0,"_bbp_voice_count":0,"_bbp_anonymous_reply_count":0,"_bbp_topic_count_hidden":0,"_bbp_reply_count_hidden":0,"_bbp_forum_subforum_count":0,"footnotes":""},"categories":[15,76,1,4],"tags":[],"class_list":["post-3640","post","type-post","status-publish","format-standard","has-post-thumbnail","hentry","category-6e","category-cicle-superior","category-general","category-portada"],"post_mailing_queue_ids":[],"_links":{"self":[{"href":"https:\/\/agora.xtec.cat\/escolabacdecerdanya\/wp-json\/wp\/v2\/posts\/3640","targetHints":{"allow":["GET"]}}],"collection":[{"href":"https:\/\/agora.xtec.cat\/escolabacdecerdanya\/wp-json\/wp\/v2\/posts"}],"about":[{"href":"https:\/\/agora.xtec.cat\/escolabacdecerdanya\/wp-json\/wp\/v2\/types\/post"}],"author":[{"embeddable":true,"href":"https:\/\/agora.xtec.cat\/escolabacdecerdanya\/wp-json\/wp\/v2\/users\/27"}],"replies":[{"embeddable":true,"href":"https:\/\/agora.xtec.cat\/escolabacdecerdanya\/wp-json\/wp\/v2\/comments?post=3640"}],"version-history":[{"count":3,"href":"https:\/\/agora.xtec.cat\/escolabacdecerdanya\/wp-json\/wp\/v2\/posts\/3640\/revisions"}],"predecessor-version":[{"id":3656,"href":"https:\/\/agora.xtec.cat\/escolabacdecerdanya\/wp-json\/wp\/v2\/posts\/3640\/revisions\/3656"}],"wp:featuredmedia":[{"embeddable":true,"href":"https:\/\/agora.xtec.cat\/escolabacdecerdanya\/wp-json\/wp\/v2\/media\/3653"}],"wp:attachment":[{"href":"https:\/\/agora.xtec.cat\/escolabacdecerdanya\/wp-json\/wp\/v2\/media?parent=3640"}],"wp:term":[{"taxonomy":"category","embeddable":true,"href":"https:\/\/agora.xtec.cat\/escolabacdecerdanya\/wp-json\/wp\/v2\/categories?post=3640"},{"taxonomy":"post_tag","embeddable":true,"href":"https:\/\/agora.xtec.cat\/escolabacdecerdanya\/wp-json\/wp\/v2\/tags?post=3640"}],"curies":[{"name":"wp","href":"https:\/\/api.w.org\/{rel}","templated":true}]}}