{"id":3621,"date":"2021-03-26T18:54:03","date_gmt":"2021-03-26T17:54:03","guid":{"rendered":"http:\/\/agora.xtec.cat\/escolabacdecerdanya\/?p=3621"},"modified":"2021-03-26T18:55:39","modified_gmt":"2021-03-26T17:55:39","slug":"1r-ultim-dia-del-2n-trimestre","status":"publish","type":"post","link":"https:\/\/agora.xtec.cat\/escolabacdecerdanya\/general\/1r-ultim-dia-del-2n-trimestre\/","title":{"rendered":"1r-\u00daltim dia del 2n trimestre"},"content":{"rendered":"<p>Avui ha sigut l&#8217;\u00faltim dia del segon trimestre i ha sigut un dia molt xulo!<\/p>\n<p>Pel mat\u00ed la Vella Quaresma ens ha enviat un missatge dient que ja era la \u00faltima vegada que ens enviava un missatge tots junts des de classe i per aix\u00f2 la prova d&#8217;avui era especial. De fet, han sigut dues proves. Primer de tot hem hagut de fer cadasc\u00fa la seva Mona que ja heu vist que han portar els vostres fills i filles. A la tarda hem anat caminant fins al camp de futbol d&#8217;Alp i all\u00e0 hem fet la segona prova. Al voltant del camp de futbol ens ha amagat uns conills de Pasqua que hem hagut de buscar. Hem fet jocs, danses i ens hem menjat el conillet de xocolata que hem trobat. La Vella Quaresma ens ha dit que ja ens podiem endur la seva foto amb l&#8217;\u00faltima cama a casa. Diu que durant aquestes vacances estiguem atents perqu\u00e8 d&#8217;alguna manera ens enviar\u00e0 un missatge per a que li poguem retallar la setena cama a casa!<\/p>\n<p>Ah! I tamb\u00e9 avui, hem comen\u00e7at l&#8217;activitat de piscina i que farem cada divendres fins a final de curs!.<\/p>\n<p>Si voleu veure fotos del dia d&#8217;avui cliqueu el seg\u00fcent enlla\u00e7:<\/p>\n<p><a href=\"https:\/\/photos.app.goo.gl\/BC784X8zQyDdvJGu8\">https:\/\/photos.app.goo.gl\/BC784X8zQyDdvJGu8<\/a><\/p>\n<p><img loading=\"lazy\" decoding=\"async\" class=\"size-medium wp-image-3624 aligncenter\" src=\"https:\/\/agora.xtec.cat\/escolabacdecerdanya\/wp-content\/uploads\/usu1753\/2021\/03\/20210326_100222-1-1-300x144.jpg\" alt=\"\" width=\"300\" height=\"144\" srcset=\"https:\/\/agora.xtec.cat\/escolabacdecerdanya\/wp-content\/uploads\/usu1753\/2021\/03\/20210326_100222-1-1-300x144.jpg 300w, https:\/\/agora.xtec.cat\/escolabacdecerdanya\/wp-content\/uploads\/usu1753\/2021\/03\/20210326_100222-1-1-768x369.jpg 768w, https:\/\/agora.xtec.cat\/escolabacdecerdanya\/wp-content\/uploads\/usu1753\/2021\/03\/20210326_100222-1-1-1024x492.jpg 1024w\" sizes=\"auto, (max-width: 300px) 100vw, 300px\" \/><\/p>\n","protected":false},"excerpt":{"rendered":"<p>Avui ha sigut l&#8217;\u00faltim dia del segon trimestre i ha sigut un dia molt xulo!<br \/>\nPel mat\u00ed la Vella Quaresma ens ha enviat un missatge dient que ja era la \u00faltima vegada que ens enviava un missatge tots junts des de classe i per aix\u00f2 la&hellip;  <a href=\"https:\/\/agora.xtec.cat\/escolabacdecerdanya\/general\/1r-ultim-dia-del-2n-trimestre\/\" title=\"Read 1r-\u00daltim dia del 2n trimestre\">Llegeix m\u00e9s\u00bb<\/a><\/p>\n","protected":false},"author":32,"featured_media":3623,"comment_status":"open","ping_status":"closed","sticky":false,"template":"","format":"standard","meta":{"_bbp_topic_count":0,"_bbp_reply_count":0,"_bbp_total_topic_count":0,"_bbp_total_reply_count":0,"_bbp_voice_count":0,"_bbp_anonymous_reply_count":0,"_bbp_topic_count_hidden":0,"_bbp_reply_count_hidden":0,"_bbp_forum_subforum_count":0,"footnotes":""},"categories":[10,104,1,4],"tags":[],"class_list":["post-3621","post","type-post","status-publish","format-standard","has-post-thumbnail","hentry","category-1r","category-inicial","category-general","category-portada"],"post_mailing_queue_ids":[],"_links":{"self":[{"href":"https:\/\/agora.xtec.cat\/escolabacdecerdanya\/wp-json\/wp\/v2\/posts\/3621","targetHints":{"allow":["GET"]}}],"collection":[{"href":"https:\/\/agora.xtec.cat\/escolabacdecerdanya\/wp-json\/wp\/v2\/posts"}],"about":[{"href":"https:\/\/agora.xtec.cat\/escolabacdecerdanya\/wp-json\/wp\/v2\/types\/post"}],"author":[{"embeddable":true,"href":"https:\/\/agora.xtec.cat\/escolabacdecerdanya\/wp-json\/wp\/v2\/users\/32"}],"replies":[{"embeddable":true,"href":"https:\/\/agora.xtec.cat\/escolabacdecerdanya\/wp-json\/wp\/v2\/comments?post=3621"}],"version-history":[{"count":3,"href":"https:\/\/agora.xtec.cat\/escolabacdecerdanya\/wp-json\/wp\/v2\/posts\/3621\/revisions"}],"predecessor-version":[{"id":3626,"href":"https:\/\/agora.xtec.cat\/escolabacdecerdanya\/wp-json\/wp\/v2\/posts\/3621\/revisions\/3626"}],"wp:featuredmedia":[{"embeddable":true,"href":"https:\/\/agora.xtec.cat\/escolabacdecerdanya\/wp-json\/wp\/v2\/media\/3623"}],"wp:attachment":[{"href":"https:\/\/agora.xtec.cat\/escolabacdecerdanya\/wp-json\/wp\/v2\/media?parent=3621"}],"wp:term":[{"taxonomy":"category","embeddable":true,"href":"https:\/\/agora.xtec.cat\/escolabacdecerdanya\/wp-json\/wp\/v2\/categories?post=3621"},{"taxonomy":"post_tag","embeddable":true,"href":"https:\/\/agora.xtec.cat\/escolabacdecerdanya\/wp-json\/wp\/v2\/tags?post=3621"}],"curies":[{"name":"wp","href":"https:\/\/api.w.org\/{rel}","templated":true}]}}