{"id":3619,"date":"2021-03-27T08:58:24","date_gmt":"2021-03-27T07:58:24","guid":{"rendered":"http:\/\/agora.xtec.cat\/escolabacdecerdanya\/?p=3619"},"modified":"2021-03-27T09:01:27","modified_gmt":"2021-03-27T08:01:27","slug":"decoracio-artistica-a-cicle-inicial","status":"publish","type":"post","link":"https:\/\/agora.xtec.cat\/escolabacdecerdanya\/general\/decoracio-artistica-a-cicle-inicial\/","title":{"rendered":"Decoraci\u00f3 art\u00edstica a cicle inicial"},"content":{"rendered":"<p>Aquest trimestre les nenes i nens de cicle inicial ens vam encarregar de la decoraci\u00f3 de l&#8217;entrada de l&#8217;escola. La vam convertir\u00a0 en una exposici\u00f3 d&#8217;obres d&#8217;art creades per nosaltres; en petits grups vam deixar fluir la creativitat en diferents quadres a partir de diverses t\u00e8cniques art\u00edstiques. Aquesta tem\u00e0tica estava relacionada amb la festa de carnaval ja que tots els cursos ens vam disfressar d&#8217;obres i autors que treballem a l&#8217;escola.<\/p>\n<p>Aqu\u00ed teniu imatges del nostre treball que vam titular&#8230; This is Art !<\/p>\n<p>&nbsp;<\/p>\n<p><a href=\"https:\/\/photos.app.goo.gl\/LSuWCarreVLApzLu9\"><img loading=\"lazy\" decoding=\"async\" class=\"alignnone wp-image-3627\" src=\"https:\/\/agora.xtec.cat\/escolabacdecerdanya\/wp-content\/uploads\/usu1753\/2021\/03\/IMG-20210327-WA0006-1024x768.jpg\" alt=\"\" width=\"482\" height=\"362\" srcset=\"https:\/\/agora.xtec.cat\/escolabacdecerdanya\/wp-content\/uploads\/usu1753\/2021\/03\/IMG-20210327-WA0006-1024x768.jpg 1024w, https:\/\/agora.xtec.cat\/escolabacdecerdanya\/wp-content\/uploads\/usu1753\/2021\/03\/IMG-20210327-WA0006-300x225.jpg 300w, https:\/\/agora.xtec.cat\/escolabacdecerdanya\/wp-content\/uploads\/usu1753\/2021\/03\/IMG-20210327-WA0006-768x576.jpg 768w, https:\/\/agora.xtec.cat\/escolabacdecerdanya\/wp-content\/uploads\/usu1753\/2021\/03\/IMG-20210327-WA0006-200x150.jpg 200w, https:\/\/agora.xtec.cat\/escolabacdecerdanya\/wp-content\/uploads\/usu1753\/2021\/03\/IMG-20210327-WA0006.jpg 1600w\" sizes=\"auto, (max-width: 482px) 100vw, 482px\" \/><\/a><\/p>\n<p>&nbsp;<\/p>\n<p>&nbsp;<\/p>\n","protected":false},"excerpt":{"rendered":"<p>Aquest trimestre les nenes i nens de cicle inicial ens vam encarregar de la decoraci\u00f3 de l&#8217;entrada de l&#8217;escola. La vam convertir\u00a0 en una exposici\u00f3 d&#8217;obres d&#8217;art creades per nosaltres; en petits grups vam deixar fluir la creativitat en diferents quadres a partir de diverses&hellip;  <a href=\"https:\/\/agora.xtec.cat\/escolabacdecerdanya\/general\/decoracio-artistica-a-cicle-inicial\/\" title=\"Read Decoraci\u00f3 art\u00edstica a cicle inicial\">Llegeix m\u00e9s\u00bb<\/a><\/p>\n","protected":false},"author":8,"featured_media":3627,"comment_status":"open","ping_status":"closed","sticky":false,"template":"","format":"standard","meta":{"_bbp_topic_count":0,"_bbp_reply_count":0,"_bbp_total_topic_count":0,"_bbp_total_reply_count":0,"_bbp_voice_count":0,"_bbp_anonymous_reply_count":0,"_bbp_topic_count_hidden":0,"_bbp_reply_count_hidden":0,"_bbp_forum_subforum_count":0,"footnotes":""},"categories":[10,11,65,104,161,1,4],"tags":[],"class_list":["post-3619","post","type-post","status-publish","format-standard","has-post-thumbnail","hentry","category-1r","category-2n","category-carnestoltes","category-inicial","category-festes","category-general","category-portada"],"post_mailing_queue_ids":[],"_links":{"self":[{"href":"https:\/\/agora.xtec.cat\/escolabacdecerdanya\/wp-json\/wp\/v2\/posts\/3619","targetHints":{"allow":["GET"]}}],"collection":[{"href":"https:\/\/agora.xtec.cat\/escolabacdecerdanya\/wp-json\/wp\/v2\/posts"}],"about":[{"href":"https:\/\/agora.xtec.cat\/escolabacdecerdanya\/wp-json\/wp\/v2\/types\/post"}],"author":[{"embeddable":true,"href":"https:\/\/agora.xtec.cat\/escolabacdecerdanya\/wp-json\/wp\/v2\/users\/8"}],"replies":[{"embeddable":true,"href":"https:\/\/agora.xtec.cat\/escolabacdecerdanya\/wp-json\/wp\/v2\/comments?post=3619"}],"version-history":[{"count":3,"href":"https:\/\/agora.xtec.cat\/escolabacdecerdanya\/wp-json\/wp\/v2\/posts\/3619\/revisions"}],"predecessor-version":[{"id":3630,"href":"https:\/\/agora.xtec.cat\/escolabacdecerdanya\/wp-json\/wp\/v2\/posts\/3619\/revisions\/3630"}],"wp:featuredmedia":[{"embeddable":true,"href":"https:\/\/agora.xtec.cat\/escolabacdecerdanya\/wp-json\/wp\/v2\/media\/3627"}],"wp:attachment":[{"href":"https:\/\/agora.xtec.cat\/escolabacdecerdanya\/wp-json\/wp\/v2\/media?parent=3619"}],"wp:term":[{"taxonomy":"category","embeddable":true,"href":"https:\/\/agora.xtec.cat\/escolabacdecerdanya\/wp-json\/wp\/v2\/categories?post=3619"},{"taxonomy":"post_tag","embeddable":true,"href":"https:\/\/agora.xtec.cat\/escolabacdecerdanya\/wp-json\/wp\/v2\/tags?post=3619"}],"curies":[{"name":"wp","href":"https:\/\/api.w.org\/{rel}","templated":true}]}}