{"id":3615,"date":"2021-03-25T11:46:29","date_gmt":"2021-03-25T10:46:29","guid":{"rendered":"http:\/\/agora.xtec.cat\/escolabacdecerdanya\/?p=3615"},"modified":"2021-03-25T11:46:29","modified_gmt":"2021-03-25T10:46:29","slug":"1r-resum-2n-trimestre","status":"publish","type":"post","link":"https:\/\/agora.xtec.cat\/escolabacdecerdanya\/general\/1r-resum-2n-trimestre\/","title":{"rendered":"1r -Resum 2n trimestre"},"content":{"rendered":"<p style=\"text-align: center\">El segon trimestre ja arriba a la seva fi. Realment ens ha passat volant i sembla que va ser ahir que torn\u00e0vem de les vacances de Nadal. Aquest trimestre hem treballat molt i tamb\u00e9 ens ho hem passat molt b\u00e9.<\/p>\n<p style=\"text-align: left\">Hem tingut la setmana de Carnaval que vam haver d&#8217;anar disfressats, hem celebrat aniversaris, hem jugat, hem fet servir les tabletes i ordinadors, hem fet educaci\u00f3 f\u00edsica, hem treballat a vegades sols i a vegades en parelles o per grups, i \u00faltimament hem estat for\u00e7a entretinguts amb les proves que ens enviava la Vella Quaresma els divendres.<\/p>\n<p>Ara ens toca uns dies de descans per afrontar l&#8217;\u00faltim trimestre amb energia i il\u00b7lusi\u00f3. Alumnes i mestres ens ho passem molt b\u00e9 i ens agrada molt l&#8217;escola. Si ho voleu veure us deixem unes fotografies i v\u00eddeos de cosetes que hem anat fent aquest trimestre.<\/p>\n<p>Bones vacances!<\/p>\n<p><a href=\"https:\/\/photos.app.goo.gl\/roD1zRgYConA67eq5\">https:\/\/photos.app.goo.gl\/roD1zRgYConA67eq5<\/a><\/p>\n<p><img loading=\"lazy\" decoding=\"async\" class=\"size-medium wp-image-3616 aligncenter\" src=\"https:\/\/agora.xtec.cat\/escolabacdecerdanya\/wp-content\/uploads\/usu1753\/2021\/03\/IMG_20210317_161122-300x300.jpg\" alt=\"\" width=\"300\" height=\"300\" srcset=\"https:\/\/agora.xtec.cat\/escolabacdecerdanya\/wp-content\/uploads\/usu1753\/2021\/03\/IMG_20210317_161122-300x300.jpg 300w, https:\/\/agora.xtec.cat\/escolabacdecerdanya\/wp-content\/uploads\/usu1753\/2021\/03\/IMG_20210317_161122-150x150.jpg 150w, https:\/\/agora.xtec.cat\/escolabacdecerdanya\/wp-content\/uploads\/usu1753\/2021\/03\/IMG_20210317_161122-768x768.jpg 768w, https:\/\/agora.xtec.cat\/escolabacdecerdanya\/wp-content\/uploads\/usu1753\/2021\/03\/IMG_20210317_161122-1024x1024.jpg 1024w, https:\/\/agora.xtec.cat\/escolabacdecerdanya\/wp-content\/uploads\/usu1753\/2021\/03\/IMG_20210317_161122.jpg 1564w\" sizes=\"auto, (max-width: 300px) 100vw, 300px\" \/><\/p>\n","protected":false},"excerpt":{"rendered":"<p>El segon trimestre ja arriba a la seva fi. Realment ens ha passat volant i sembla que va ser ahir que torn\u00e0vem de les vacances de Nadal. Aquest trimestre hem treballat molt i tamb\u00e9 ens ho hem passat molt b\u00e9.<br \/>\nHem tingut la setmana de Carnaval&hellip;  <a href=\"https:\/\/agora.xtec.cat\/escolabacdecerdanya\/general\/1r-resum-2n-trimestre\/\" title=\"Read 1r -Resum 2n trimestre\">Llegeix m\u00e9s\u00bb<\/a><\/p>\n","protected":false},"author":32,"featured_media":3616,"comment_status":"open","ping_status":"closed","sticky":false,"template":"","format":"standard","meta":{"_bbp_topic_count":0,"_bbp_reply_count":0,"_bbp_total_topic_count":0,"_bbp_total_reply_count":0,"_bbp_voice_count":0,"_bbp_anonymous_reply_count":0,"_bbp_topic_count_hidden":0,"_bbp_reply_count_hidden":0,"_bbp_forum_subforum_count":0,"footnotes":""},"categories":[10,104,1,4],"tags":[],"class_list":["post-3615","post","type-post","status-publish","format-standard","has-post-thumbnail","hentry","category-1r","category-inicial","category-general","category-portada"],"post_mailing_queue_ids":[],"_links":{"self":[{"href":"https:\/\/agora.xtec.cat\/escolabacdecerdanya\/wp-json\/wp\/v2\/posts\/3615","targetHints":{"allow":["GET"]}}],"collection":[{"href":"https:\/\/agora.xtec.cat\/escolabacdecerdanya\/wp-json\/wp\/v2\/posts"}],"about":[{"href":"https:\/\/agora.xtec.cat\/escolabacdecerdanya\/wp-json\/wp\/v2\/types\/post"}],"author":[{"embeddable":true,"href":"https:\/\/agora.xtec.cat\/escolabacdecerdanya\/wp-json\/wp\/v2\/users\/32"}],"replies":[{"embeddable":true,"href":"https:\/\/agora.xtec.cat\/escolabacdecerdanya\/wp-json\/wp\/v2\/comments?post=3615"}],"version-history":[{"count":2,"href":"https:\/\/agora.xtec.cat\/escolabacdecerdanya\/wp-json\/wp\/v2\/posts\/3615\/revisions"}],"predecessor-version":[{"id":3618,"href":"https:\/\/agora.xtec.cat\/escolabacdecerdanya\/wp-json\/wp\/v2\/posts\/3615\/revisions\/3618"}],"wp:featuredmedia":[{"embeddable":true,"href":"https:\/\/agora.xtec.cat\/escolabacdecerdanya\/wp-json\/wp\/v2\/media\/3616"}],"wp:attachment":[{"href":"https:\/\/agora.xtec.cat\/escolabacdecerdanya\/wp-json\/wp\/v2\/media?parent=3615"}],"wp:term":[{"taxonomy":"category","embeddable":true,"href":"https:\/\/agora.xtec.cat\/escolabacdecerdanya\/wp-json\/wp\/v2\/categories?post=3615"},{"taxonomy":"post_tag","embeddable":true,"href":"https:\/\/agora.xtec.cat\/escolabacdecerdanya\/wp-json\/wp\/v2\/tags?post=3615"}],"curies":[{"name":"wp","href":"https:\/\/api.w.org\/{rel}","templated":true}]}}