{"id":3611,"date":"2021-03-24T18:07:51","date_gmt":"2021-03-24T17:07:51","guid":{"rendered":"http:\/\/agora.xtec.cat\/escolabacdecerdanya\/?p=3611"},"modified":"2021-03-24T18:08:22","modified_gmt":"2021-03-24T17:08:22","slug":"projecte-la-familia","status":"publish","type":"post","link":"https:\/\/agora.xtec.cat\/escolabacdecerdanya\/general\/projecte-la-familia\/","title":{"rendered":"Projecte la fam\u00edlia"},"content":{"rendered":"<p>Hola!<\/p>\n<p>Aquestes \u00faltimes setmanes hem estat treballant el projecte de la fam\u00edlia. Primer de tot vam treballar la biografia per entendre qu\u00e8 vol dir explicar els fets de manera cronol\u00f2gica. Cadasc\u00fa va presentar la seva biografia i la va fer en l&#8217;estil que va voler. V\u00e0rem penjar les cartolines al passad\u00eds de cicle inicial perqu\u00e8 tots pogu\u00e9ssim veure millor les fotos i dibuixos que apareixien.<\/p>\n<p>Despr\u00e9s ja vam entrar m\u00e9s a fons al tema de la fam\u00edlia. Cadasc\u00fa ha fet un dibuix del que ell\/ella creu que \u00e9s la seva fam\u00edlia i les coses que li agrada fer amb ella i les coses que li agradaria fer algun dia tots junts.<\/p>\n<p>Finalment, cadasc\u00fa amb l&#8217;ajuda de pares i avis, vam fer un arbre geneal\u00f2gic. Hem vist que tots tenim fam\u00edlies diferents i que potser tenim algunes coses en com\u00fa amb alguns companys i companyes.<\/p>\n<p>Us deixem algunes de les fotografies:<\/p>\n<p><a href=\"https:\/\/photos.app.goo.gl\/vJDywWX4sntvQW4M9\">https:\/\/photos.app.goo.gl\/vJDywWX4sntvQW4M9<\/a><\/p>\n<p><img loading=\"lazy\" decoding=\"async\" class=\"size-medium wp-image-3612 aligncenter\" src=\"https:\/\/agora.xtec.cat\/escolabacdecerdanya\/wp-content\/uploads\/usu1753\/2021\/03\/20210318_091119-300x169.jpg\" alt=\"\" width=\"300\" height=\"169\" srcset=\"https:\/\/agora.xtec.cat\/escolabacdecerdanya\/wp-content\/uploads\/usu1753\/2021\/03\/20210318_091119-300x169.jpg 300w, https:\/\/agora.xtec.cat\/escolabacdecerdanya\/wp-content\/uploads\/usu1753\/2021\/03\/20210318_091119-768x432.jpg 768w, https:\/\/agora.xtec.cat\/escolabacdecerdanya\/wp-content\/uploads\/usu1753\/2021\/03\/20210318_091119-1024x576.jpg 1024w\" sizes=\"auto, (max-width: 300px) 100vw, 300px\" \/><\/p>\n","protected":false},"excerpt":{"rendered":"<p>Hola!<br \/>\nAquestes \u00faltimes setmanes hem estat treballant el projecte de la fam\u00edlia. Primer de tot vam treballar la biografia per entendre qu\u00e8 vol dir explicar els fets de manera cronol\u00f2gica. Cadasc\u00fa va presentar la seva biografia i la va fer en l&#8217;estil que va voler. V\u00e0rem&hellip;  <a href=\"https:\/\/agora.xtec.cat\/escolabacdecerdanya\/general\/projecte-la-familia\/\" title=\"Read Projecte la fam\u00edlia\">Llegeix m\u00e9s\u00bb<\/a><\/p>\n","protected":false},"author":32,"featured_media":3612,"comment_status":"open","ping_status":"closed","sticky":false,"template":"","format":"standard","meta":{"_bbp_topic_count":0,"_bbp_reply_count":0,"_bbp_total_topic_count":0,"_bbp_total_reply_count":0,"_bbp_voice_count":0,"_bbp_anonymous_reply_count":0,"_bbp_topic_count_hidden":0,"_bbp_reply_count_hidden":0,"_bbp_forum_subforum_count":0,"footnotes":""},"categories":[10,104,1,4],"tags":[],"class_list":["post-3611","post","type-post","status-publish","format-standard","has-post-thumbnail","hentry","category-1r","category-inicial","category-general","category-portada"],"post_mailing_queue_ids":[],"_links":{"self":[{"href":"https:\/\/agora.xtec.cat\/escolabacdecerdanya\/wp-json\/wp\/v2\/posts\/3611","targetHints":{"allow":["GET"]}}],"collection":[{"href":"https:\/\/agora.xtec.cat\/escolabacdecerdanya\/wp-json\/wp\/v2\/posts"}],"about":[{"href":"https:\/\/agora.xtec.cat\/escolabacdecerdanya\/wp-json\/wp\/v2\/types\/post"}],"author":[{"embeddable":true,"href":"https:\/\/agora.xtec.cat\/escolabacdecerdanya\/wp-json\/wp\/v2\/users\/32"}],"replies":[{"embeddable":true,"href":"https:\/\/agora.xtec.cat\/escolabacdecerdanya\/wp-json\/wp\/v2\/comments?post=3611"}],"version-history":[{"count":2,"href":"https:\/\/agora.xtec.cat\/escolabacdecerdanya\/wp-json\/wp\/v2\/posts\/3611\/revisions"}],"predecessor-version":[{"id":3614,"href":"https:\/\/agora.xtec.cat\/escolabacdecerdanya\/wp-json\/wp\/v2\/posts\/3611\/revisions\/3614"}],"wp:featuredmedia":[{"embeddable":true,"href":"https:\/\/agora.xtec.cat\/escolabacdecerdanya\/wp-json\/wp\/v2\/media\/3612"}],"wp:attachment":[{"href":"https:\/\/agora.xtec.cat\/escolabacdecerdanya\/wp-json\/wp\/v2\/media?parent=3611"}],"wp:term":[{"taxonomy":"category","embeddable":true,"href":"https:\/\/agora.xtec.cat\/escolabacdecerdanya\/wp-json\/wp\/v2\/categories?post=3611"},{"taxonomy":"post_tag","embeddable":true,"href":"https:\/\/agora.xtec.cat\/escolabacdecerdanya\/wp-json\/wp\/v2\/tags?post=3611"}],"curies":[{"name":"wp","href":"https:\/\/api.w.org\/{rel}","templated":true}]}}