{"id":3552,"date":"2021-02-27T17:14:16","date_gmt":"2021-02-27T16:14:16","guid":{"rendered":"http:\/\/agora.xtec.cat\/escolabacdecerdanya\/?p=3552"},"modified":"2021-02-27T17:15:22","modified_gmt":"2021-02-27T16:15:22","slug":"els-de-1r-relacionem-construccions-de-gaudi-amb-la-beebot","status":"publish","type":"post","link":"https:\/\/agora.xtec.cat\/escolabacdecerdanya\/general\/els-de-1r-relacionem-construccions-de-gaudi-amb-la-beebot\/","title":{"rendered":"Els de 1r relacionem construccions de Gaud\u00ed amb la beebot"},"content":{"rendered":"<p>Aquest trimestre estem aprenent un munt de coses de l&#8217;obra d&#8217;Antoni Gaud\u00ed.<\/p>\n<p>Amb les beebot\u00a0 hem jugat a relacionar diferents detalls de tres de les construccions m\u00e9s emblem\u00e0tiques de Gaud\u00ed: la Pedrera, la casa Batll\u00f3 i el Parc G\u00fcell.<\/p>\n<p>Ho voleu veure?&#8230; cliqueu la imatge.<\/p>\n<p><a href=\"https:\/\/photos.app.goo.gl\/v9LFNHJS5MhdDMER7\"><img loading=\"lazy\" decoding=\"async\" class=\"alignnone size-large wp-image-3553\" src=\"https:\/\/agora.xtec.cat\/escolabacdecerdanya\/wp-content\/uploads\/usu1753\/2021\/02\/IMG-20210227-WA0004-1024x768.jpg\" alt=\"\" width=\"1024\" height=\"768\" srcset=\"https:\/\/agora.xtec.cat\/escolabacdecerdanya\/wp-content\/uploads\/usu1753\/2021\/02\/IMG-20210227-WA0004-1024x768.jpg 1024w, https:\/\/agora.xtec.cat\/escolabacdecerdanya\/wp-content\/uploads\/usu1753\/2021\/02\/IMG-20210227-WA0004-300x225.jpg 300w, https:\/\/agora.xtec.cat\/escolabacdecerdanya\/wp-content\/uploads\/usu1753\/2021\/02\/IMG-20210227-WA0004-768x576.jpg 768w, https:\/\/agora.xtec.cat\/escolabacdecerdanya\/wp-content\/uploads\/usu1753\/2021\/02\/IMG-20210227-WA0004-200x150.jpg 200w, https:\/\/agora.xtec.cat\/escolabacdecerdanya\/wp-content\/uploads\/usu1753\/2021\/02\/IMG-20210227-WA0004.jpg 1600w\" sizes=\"auto, (max-width: 1024px) 100vw, 1024px\" \/><\/a><\/p>\n<p>&nbsp;<\/p>\n","protected":false},"excerpt":{"rendered":"<p>Aquest trimestre estem aprenent un munt de coses de l&#8217;obra d&#8217;Antoni Gaud\u00ed.<br \/>\nAmb les beebot\u00a0 hem jugat a relacionar diferents detalls de tres de les construccions m\u00e9s emblem\u00e0tiques de Gaud\u00ed: la Pedrera, la casa Batll\u00f3 i el Parc G\u00fcell.<br \/>\nHo voleu veure?&#8230; cliqueu la imatge.<br \/>\n<a href=\"https:\/\/photos.app.goo.gl\/v9LFNHJS5MhdDMER7\"><\/a><br \/>\n&nbsp;<\/p>\n","protected":false},"author":8,"featured_media":3553,"comment_status":"open","ping_status":"closed","sticky":false,"template":"","format":"standard","meta":{"_bbp_topic_count":0,"_bbp_reply_count":0,"_bbp_total_topic_count":0,"_bbp_total_reply_count":0,"_bbp_voice_count":0,"_bbp_anonymous_reply_count":0,"_bbp_topic_count_hidden":0,"_bbp_reply_count_hidden":0,"_bbp_forum_subforum_count":0,"footnotes":""},"categories":[10,104,1,4,62,116],"tags":[],"class_list":["post-3552","post","type-post","status-publish","format-standard","has-post-thumbnail","hentry","category-1r","category-inicial","category-general","category-portada","category-robotica","category-tac"],"post_mailing_queue_ids":[],"_links":{"self":[{"href":"https:\/\/agora.xtec.cat\/escolabacdecerdanya\/wp-json\/wp\/v2\/posts\/3552","targetHints":{"allow":["GET"]}}],"collection":[{"href":"https:\/\/agora.xtec.cat\/escolabacdecerdanya\/wp-json\/wp\/v2\/posts"}],"about":[{"href":"https:\/\/agora.xtec.cat\/escolabacdecerdanya\/wp-json\/wp\/v2\/types\/post"}],"author":[{"embeddable":true,"href":"https:\/\/agora.xtec.cat\/escolabacdecerdanya\/wp-json\/wp\/v2\/users\/8"}],"replies":[{"embeddable":true,"href":"https:\/\/agora.xtec.cat\/escolabacdecerdanya\/wp-json\/wp\/v2\/comments?post=3552"}],"version-history":[{"count":3,"href":"https:\/\/agora.xtec.cat\/escolabacdecerdanya\/wp-json\/wp\/v2\/posts\/3552\/revisions"}],"predecessor-version":[{"id":3558,"href":"https:\/\/agora.xtec.cat\/escolabacdecerdanya\/wp-json\/wp\/v2\/posts\/3552\/revisions\/3558"}],"wp:featuredmedia":[{"embeddable":true,"href":"https:\/\/agora.xtec.cat\/escolabacdecerdanya\/wp-json\/wp\/v2\/media\/3553"}],"wp:attachment":[{"href":"https:\/\/agora.xtec.cat\/escolabacdecerdanya\/wp-json\/wp\/v2\/media?parent=3552"}],"wp:term":[{"taxonomy":"category","embeddable":true,"href":"https:\/\/agora.xtec.cat\/escolabacdecerdanya\/wp-json\/wp\/v2\/categories?post=3552"},{"taxonomy":"post_tag","embeddable":true,"href":"https:\/\/agora.xtec.cat\/escolabacdecerdanya\/wp-json\/wp\/v2\/tags?post=3552"}],"curies":[{"name":"wp","href":"https:\/\/api.w.org\/{rel}","templated":true}]}}