{"id":3524,"date":"2021-02-12T10:03:01","date_gmt":"2021-02-12T09:03:01","guid":{"rendered":"http:\/\/agora.xtec.cat\/escolabacdecerdanya\/?p=3524"},"modified":"2021-02-12T12:16:14","modified_gmt":"2021-02-12T11:16:14","slug":"carnaval-2021","status":"publish","type":"post","link":"https:\/\/agora.xtec.cat\/escolabacdecerdanya\/general\/carnaval-2021\/","title":{"rendered":"CARNAVAL 2021"},"content":{"rendered":"<p>https:\/\/youtu.be\/Ls9MxnF9j00<\/p>\n<p>Ahir, tot i haver de complir escrupolosament les mesures anticovid, vam poder celebrar un any m\u00e9s la tradicional festa de la <strong><span style=\"color: #ff0000;\">Rostita<\/span><\/strong>. Enguany ens hem hagut d&#8217;adaptar i hem optat per fer un \u00fanic trajecte de la rua. I com podeu observar als enlla\u00e7os seg\u00fcents, la festa va ser genial! Lamentem el fet de no haver pogut despla\u00e7ar-nos a la resta de pobles que conformen la nostra mancomunitat.<\/p>\n<p>Volem agrair-vos totes les col\u00b7laboracions que ens heu fet, tant a la gent de la nostra comunitat, com als comer\u00e7os locals i a l&#8217;Ajuntament d&#8217;Alp. <strong><span style=\"color: #339966;\">GR\u00c0CIES!!!\u00a0<\/span><\/strong><\/p>\n<p>Fins i tot vam sortir a la tele!<\/p>\n<p>Entreu, remeneu i gaudiu de la gresca!!!<\/p>\n<p><strong><a href=\"https:\/\/photos.app.goo.gl\/HhoZsNhmgrL2WpXw9\">\u00c0LBUM DE FOTOS I V\u00cdDEOS DE LA FESTA<\/a><\/strong><\/p>\n<p><strong><a href=\"http:\/\/www.pirineustv.cat\/2021\/02\/11\/la-rostita-tambe-sadapta-a-la-covid-19\/\">Reportatge de Pirineus TV<\/a><\/strong><\/p>\n","protected":false},"excerpt":{"rendered":"<p>https:\/\/youtu.be\/Ls9MxnF9j00<br \/>\nAhir, tot i haver de complir escrupolosament les mesures anticovid, vam poder celebrar un any m\u00e9s la tradicional festa de la Rostita. Enguany ens hem hagut d&#8217;adaptar i hem optat per fer un \u00fanic trajecte de la rua. I com podeu observar als enlla\u00e7os seg\u00fcents,&hellip;  <a href=\"https:\/\/agora.xtec.cat\/escolabacdecerdanya\/general\/carnaval-2021\/\" title=\"Read CARNAVAL 2021\">Llegeix m\u00e9s\u00bb<\/a><\/p>\n","protected":false},"author":1,"featured_media":3527,"comment_status":"open","ping_status":"closed","sticky":false,"template":"","format":"standard","meta":{"_bbp_topic_count":0,"_bbp_reply_count":0,"_bbp_total_topic_count":0,"_bbp_total_reply_count":0,"_bbp_voice_count":0,"_bbp_anonymous_reply_count":0,"_bbp_topic_count_hidden":0,"_bbp_reply_count_hidden":0,"_bbp_forum_subforum_count":0,"footnotes":""},"categories":[65,161,1,4],"tags":[],"class_list":["post-3524","post","type-post","status-publish","format-standard","has-post-thumbnail","hentry","category-carnestoltes","category-festes","category-general","category-portada"],"post_mailing_queue_ids":[],"_links":{"self":[{"href":"https:\/\/agora.xtec.cat\/escolabacdecerdanya\/wp-json\/wp\/v2\/posts\/3524","targetHints":{"allow":["GET"]}}],"collection":[{"href":"https:\/\/agora.xtec.cat\/escolabacdecerdanya\/wp-json\/wp\/v2\/posts"}],"about":[{"href":"https:\/\/agora.xtec.cat\/escolabacdecerdanya\/wp-json\/wp\/v2\/types\/post"}],"author":[{"embeddable":true,"href":"https:\/\/agora.xtec.cat\/escolabacdecerdanya\/wp-json\/wp\/v2\/users\/1"}],"replies":[{"embeddable":true,"href":"https:\/\/agora.xtec.cat\/escolabacdecerdanya\/wp-json\/wp\/v2\/comments?post=3524"}],"version-history":[{"count":3,"href":"https:\/\/agora.xtec.cat\/escolabacdecerdanya\/wp-json\/wp\/v2\/posts\/3524\/revisions"}],"predecessor-version":[{"id":3529,"href":"https:\/\/agora.xtec.cat\/escolabacdecerdanya\/wp-json\/wp\/v2\/posts\/3524\/revisions\/3529"}],"wp:featuredmedia":[{"embeddable":true,"href":"https:\/\/agora.xtec.cat\/escolabacdecerdanya\/wp-json\/wp\/v2\/media\/3527"}],"wp:attachment":[{"href":"https:\/\/agora.xtec.cat\/escolabacdecerdanya\/wp-json\/wp\/v2\/media?parent=3524"}],"wp:term":[{"taxonomy":"category","embeddable":true,"href":"https:\/\/agora.xtec.cat\/escolabacdecerdanya\/wp-json\/wp\/v2\/categories?post=3524"},{"taxonomy":"post_tag","embeddable":true,"href":"https:\/\/agora.xtec.cat\/escolabacdecerdanya\/wp-json\/wp\/v2\/tags?post=3524"}],"curies":[{"name":"wp","href":"https:\/\/api.w.org\/{rel}","templated":true}]}}