{"id":3498,"date":"2021-01-29T18:41:53","date_gmt":"2021-01-29T17:41:53","guid":{"rendered":"http:\/\/agora.xtec.cat\/escolabacdecerdanya\/?p=3498"},"modified":"2021-01-29T18:46:48","modified_gmt":"2021-01-29T17:46:48","slug":"educacio-emocional-a-cicle-mitja","status":"publish","type":"post","link":"https:\/\/agora.xtec.cat\/escolabacdecerdanya\/general\/educacio-emocional-a-cicle-mitja\/","title":{"rendered":"Educaci\u00f3 emocional a cicle mitj\u00e0"},"content":{"rendered":"<p>A la classe d&#8217;\u00e8tica de cicle mitj\u00e0 estem aprenent a ser conscients de les nostres emocions, a gestionar-les i a ser aut\u00f2noms emocionalment. Tot aix\u00f2 per estar b\u00e9 amb nosaltres mateixos i amb els altres. Hem definit qu\u00e8 \u00e9s per nosaltres una emoci\u00f3 i qu\u00e8 ens passa al nostre cos quan sentim aquella emoci\u00f3. I a m\u00e9s a m\u00e9s ens hem divertit dibuixant les faccions de la cara quan expressem aquestes emocions.<\/p>\n<p><a href=\"https:\/\/photos.app.goo.gl\/k1DQwdZKxotfFLHAA\"><img loading=\"lazy\" decoding=\"async\" class=\"aligncenter\" src=\"https:\/\/agora.xtec.cat\/escolabacdecerdanya\/wp-content\/uploads\/usu1753\/2021\/01\/IMG-20210126-WA0011.jpg\" alt=\"\" width=\"289\" height=\"386\" \/><\/a><\/p>\n<p>&nbsp;<\/p>\n","protected":false},"excerpt":{"rendered":"<p>A la classe d&#8217;\u00e8tica de cicle mitj\u00e0 estem aprenent a ser conscients de les nostres emocions, a gestionar-les i a ser aut\u00f2noms emocionalment. Tot aix\u00f2 per estar b\u00e9 amb nosaltres mateixos i amb els altres. Hem definit qu\u00e8 \u00e9s per nosaltres una emoci\u00f3 i qu\u00e8&hellip;  <a href=\"https:\/\/agora.xtec.cat\/escolabacdecerdanya\/general\/educacio-emocional-a-cicle-mitja\/\" title=\"Read Educaci\u00f3 emocional a cicle mitj\u00e0\">Llegeix m\u00e9s\u00bb<\/a><\/p>\n","protected":false},"author":6,"featured_media":3504,"comment_status":"open","ping_status":"closed","sticky":false,"template":"","format":"standard","meta":{"_bbp_topic_count":0,"_bbp_reply_count":0,"_bbp_total_topic_count":0,"_bbp_total_reply_count":0,"_bbp_voice_count":0,"_bbp_anonymous_reply_count":0,"_bbp_topic_count_hidden":0,"_bbp_reply_count_hidden":0,"_bbp_forum_subforum_count":0,"footnotes":""},"categories":[12,13,105,1,61,4],"tags":[],"class_list":["post-3498","post","type-post","status-publish","format-standard","has-post-thumbnail","hentry","category-3r","category-4t","category-mitja","category-general","category-novetats","category-portada"],"post_mailing_queue_ids":[],"_links":{"self":[{"href":"https:\/\/agora.xtec.cat\/escolabacdecerdanya\/wp-json\/wp\/v2\/posts\/3498","targetHints":{"allow":["GET"]}}],"collection":[{"href":"https:\/\/agora.xtec.cat\/escolabacdecerdanya\/wp-json\/wp\/v2\/posts"}],"about":[{"href":"https:\/\/agora.xtec.cat\/escolabacdecerdanya\/wp-json\/wp\/v2\/types\/post"}],"author":[{"embeddable":true,"href":"https:\/\/agora.xtec.cat\/escolabacdecerdanya\/wp-json\/wp\/v2\/users\/6"}],"replies":[{"embeddable":true,"href":"https:\/\/agora.xtec.cat\/escolabacdecerdanya\/wp-json\/wp\/v2\/comments?post=3498"}],"version-history":[{"count":3,"href":"https:\/\/agora.xtec.cat\/escolabacdecerdanya\/wp-json\/wp\/v2\/posts\/3498\/revisions"}],"predecessor-version":[{"id":3512,"href":"https:\/\/agora.xtec.cat\/escolabacdecerdanya\/wp-json\/wp\/v2\/posts\/3498\/revisions\/3512"}],"wp:featuredmedia":[{"embeddable":true,"href":"https:\/\/agora.xtec.cat\/escolabacdecerdanya\/wp-json\/wp\/v2\/media\/3504"}],"wp:attachment":[{"href":"https:\/\/agora.xtec.cat\/escolabacdecerdanya\/wp-json\/wp\/v2\/media?parent=3498"}],"wp:term":[{"taxonomy":"category","embeddable":true,"href":"https:\/\/agora.xtec.cat\/escolabacdecerdanya\/wp-json\/wp\/v2\/categories?post=3498"},{"taxonomy":"post_tag","embeddable":true,"href":"https:\/\/agora.xtec.cat\/escolabacdecerdanya\/wp-json\/wp\/v2\/tags?post=3498"}],"curies":[{"name":"wp","href":"https:\/\/api.w.org\/{rel}","templated":true}]}}