{"id":3494,"date":"2021-01-28T18:24:43","date_gmt":"2021-01-28T17:24:43","guid":{"rendered":"http:\/\/agora.xtec.cat\/escolabacdecerdanya\/?p=3494"},"modified":"2021-01-28T18:28:45","modified_gmt":"2021-01-28T17:28:45","slug":"visita-de-gossos-a-1r","status":"publish","type":"post","link":"https:\/\/agora.xtec.cat\/escolabacdecerdanya\/general\/visita-de-gossos-a-1r\/","title":{"rendered":"Visita de gossos a 1r"},"content":{"rendered":"<p>Aquesta tarda ens ha vingut a veure la S\u00f2nia i les seves dues gossetes la Tara i la Senda. La S\u00f2nia, entre d&#8217;altres coses, es dedica a cuidar i ensinistrar gossos. Sap moltes coses i li hem pogut preguntar tot all\u00f2 que a classe ens hav\u00edem q\u00fcestionat. Ens ha resolt molts dubtes, i tamb\u00e9 em confirmat altres sospites i deduccions que ten\u00edem. La Senda i la Tara s\u00f3n dos gossetes pastores alemanyes; una t\u00e9 4 anys i l&#8217;altre 11. Les hem pogut tocar, donar de menjar i jugar una mica amb elles. M\u00e9s tard ha arribat el Thor, un cadell de pastor alemany de 3 mesos. Hem pogut veure i comparar com de diferents s\u00f3n un gos quan \u00e9s cadell, quan \u00e9s adult i quan \u00e9s vell. Hem apr\u00e9s que tenir un gos no \u00e9s una joguina i comporta una responsabilitat ja que s&#8217;han de cuidar i segons l&#8217;edat tindr\u00e0 unes necessitats o altres.<\/p>\n<p>Ha estat una experi\u00e8ncia molt maca i ara que sabem moltes coses sobre els gossos ho treballarem a fons els pr\u00f2xims dies a classe.<\/p>\n<p>Us deixem amb algunes fotografies en el seg\u00fcent enlla\u00e7.<\/p>\n<p><a href=\"https:\/\/photos.app.goo.gl\/r5JjGrkMoLtXacGu8\">https:\/\/photos.app.goo.gl\/r5JjGrkMoLtXacGu8<\/a><\/p>\n<p><img loading=\"lazy\" decoding=\"async\" class=\"alignnone size-medium wp-image-3495 aligncenter\" src=\"https:\/\/agora.xtec.cat\/escolabacdecerdanya\/wp-content\/uploads\/usu1753\/2021\/01\/20210128_154000-300x169.jpg\" alt=\"\" width=\"300\" height=\"169\" srcset=\"https:\/\/agora.xtec.cat\/escolabacdecerdanya\/wp-content\/uploads\/usu1753\/2021\/01\/20210128_154000-300x169.jpg 300w, https:\/\/agora.xtec.cat\/escolabacdecerdanya\/wp-content\/uploads\/usu1753\/2021\/01\/20210128_154000-768x432.jpg 768w, https:\/\/agora.xtec.cat\/escolabacdecerdanya\/wp-content\/uploads\/usu1753\/2021\/01\/20210128_154000-1024x576.jpg 1024w\" sizes=\"auto, (max-width: 300px) 100vw, 300px\" \/><\/p>\n","protected":false},"excerpt":{"rendered":"<p>Aquesta tarda ens ha vingut a veure la S\u00f2nia i les seves dues gossetes la Tara i la Senda. La S\u00f2nia, entre d&#8217;altres coses, es dedica a cuidar i ensinistrar gossos. Sap moltes coses i li hem pogut preguntar tot all\u00f2 que a classe ens&hellip;  <a href=\"https:\/\/agora.xtec.cat\/escolabacdecerdanya\/general\/visita-de-gossos-a-1r\/\" title=\"Read Visita de gossos a 1r\">Llegeix m\u00e9s\u00bb<\/a><\/p>\n","protected":false},"author":32,"featured_media":3495,"comment_status":"open","ping_status":"closed","sticky":false,"template":"","format":"standard","meta":{"_bbp_topic_count":0,"_bbp_reply_count":0,"_bbp_total_topic_count":0,"_bbp_total_reply_count":0,"_bbp_voice_count":0,"_bbp_anonymous_reply_count":0,"_bbp_topic_count_hidden":0,"_bbp_reply_count_hidden":0,"_bbp_forum_subforum_count":0,"footnotes":""},"categories":[10,104,1,4],"tags":[],"class_list":["post-3494","post","type-post","status-publish","format-standard","has-post-thumbnail","hentry","category-1r","category-inicial","category-general","category-portada"],"post_mailing_queue_ids":[],"_links":{"self":[{"href":"https:\/\/agora.xtec.cat\/escolabacdecerdanya\/wp-json\/wp\/v2\/posts\/3494","targetHints":{"allow":["GET"]}}],"collection":[{"href":"https:\/\/agora.xtec.cat\/escolabacdecerdanya\/wp-json\/wp\/v2\/posts"}],"about":[{"href":"https:\/\/agora.xtec.cat\/escolabacdecerdanya\/wp-json\/wp\/v2\/types\/post"}],"author":[{"embeddable":true,"href":"https:\/\/agora.xtec.cat\/escolabacdecerdanya\/wp-json\/wp\/v2\/users\/32"}],"replies":[{"embeddable":true,"href":"https:\/\/agora.xtec.cat\/escolabacdecerdanya\/wp-json\/wp\/v2\/comments?post=3494"}],"version-history":[{"count":1,"href":"https:\/\/agora.xtec.cat\/escolabacdecerdanya\/wp-json\/wp\/v2\/posts\/3494\/revisions"}],"predecessor-version":[{"id":3496,"href":"https:\/\/agora.xtec.cat\/escolabacdecerdanya\/wp-json\/wp\/v2\/posts\/3494\/revisions\/3496"}],"wp:featuredmedia":[{"embeddable":true,"href":"https:\/\/agora.xtec.cat\/escolabacdecerdanya\/wp-json\/wp\/v2\/media\/3495"}],"wp:attachment":[{"href":"https:\/\/agora.xtec.cat\/escolabacdecerdanya\/wp-json\/wp\/v2\/media?parent=3494"}],"wp:term":[{"taxonomy":"category","embeddable":true,"href":"https:\/\/agora.xtec.cat\/escolabacdecerdanya\/wp-json\/wp\/v2\/categories?post=3494"},{"taxonomy":"post_tag","embeddable":true,"href":"https:\/\/agora.xtec.cat\/escolabacdecerdanya\/wp-json\/wp\/v2\/tags?post=3494"}],"curies":[{"name":"wp","href":"https:\/\/api.w.org\/{rel}","templated":true}]}}