{"id":3472,"date":"2021-01-23T18:48:32","date_gmt":"2021-01-23T17:48:32","guid":{"rendered":"http:\/\/agora.xtec.cat\/escolabacdecerdanya\/?p=3472"},"modified":"2021-01-23T18:49:57","modified_gmt":"2021-01-23T17:49:57","slug":"representacio-la-rateta-que-escombrava-lescaleta-p3","status":"publish","type":"post","link":"https:\/\/agora.xtec.cat\/escolabacdecerdanya\/general\/representacio-la-rateta-que-escombrava-lescaleta-p3\/","title":{"rendered":"Representaci\u00f3: La rateta que escombrava l&#8217;escaleta &#8211; P3-"},"content":{"rendered":"<p>Els nens i nenes de la classe dels CONTES, hem estat treballant el conte de la rateta.\u00a0 I tal i com vam fer amb el peix irisat, hem decidit fer una petita representaci\u00f3 del conte. Ens ho hem passat molt b\u00e9 i hem treballat l&#8217;expressi\u00f3 oral, gestual, nou vocabulari&#8230; Esperem que us agradi!<\/p>\n<p>https:\/\/youtu.be\/mtAJjR80Yws<\/p>\n","protected":false},"excerpt":{"rendered":"<p>Els nens i nenes de la classe dels CONTES, hem estat treballant el conte de la rateta.\u00a0 I tal i com vam fer amb el peix irisat, hem decidit fer una petita representaci\u00f3 del conte. Ens ho hem passat molt b\u00e9 i hem treballat l&#8217;expressi\u00f3&hellip;  <a href=\"https:\/\/agora.xtec.cat\/escolabacdecerdanya\/general\/representacio-la-rateta-que-escombrava-lescaleta-p3\/\" title=\"Read Representaci\u00f3: La rateta que escombrava l&#8217;escaleta &#8211; P3-\">Llegeix m\u00e9s\u00bb<\/a><\/p>\n","protected":false},"author":1,"featured_media":3473,"comment_status":"open","ping_status":"closed","sticky":false,"template":"","format":"standard","meta":{"_bbp_topic_count":0,"_bbp_reply_count":0,"_bbp_total_topic_count":0,"_bbp_total_reply_count":0,"_bbp_voice_count":0,"_bbp_anonymous_reply_count":0,"_bbp_topic_count_hidden":0,"_bbp_reply_count_hidden":0,"_bbp_forum_subforum_count":0,"footnotes":""},"categories":[103,1,3,4],"tags":[],"class_list":["post-3472","post","type-post","status-publish","format-standard","has-post-thumbnail","hentry","category-infantil-2","category-general","category-p3","category-portada"],"post_mailing_queue_ids":[],"_links":{"self":[{"href":"https:\/\/agora.xtec.cat\/escolabacdecerdanya\/wp-json\/wp\/v2\/posts\/3472","targetHints":{"allow":["GET"]}}],"collection":[{"href":"https:\/\/agora.xtec.cat\/escolabacdecerdanya\/wp-json\/wp\/v2\/posts"}],"about":[{"href":"https:\/\/agora.xtec.cat\/escolabacdecerdanya\/wp-json\/wp\/v2\/types\/post"}],"author":[{"embeddable":true,"href":"https:\/\/agora.xtec.cat\/escolabacdecerdanya\/wp-json\/wp\/v2\/users\/1"}],"replies":[{"embeddable":true,"href":"https:\/\/agora.xtec.cat\/escolabacdecerdanya\/wp-json\/wp\/v2\/comments?post=3472"}],"version-history":[{"count":2,"href":"https:\/\/agora.xtec.cat\/escolabacdecerdanya\/wp-json\/wp\/v2\/posts\/3472\/revisions"}],"predecessor-version":[{"id":3475,"href":"https:\/\/agora.xtec.cat\/escolabacdecerdanya\/wp-json\/wp\/v2\/posts\/3472\/revisions\/3475"}],"wp:featuredmedia":[{"embeddable":true,"href":"https:\/\/agora.xtec.cat\/escolabacdecerdanya\/wp-json\/wp\/v2\/media\/3473"}],"wp:attachment":[{"href":"https:\/\/agora.xtec.cat\/escolabacdecerdanya\/wp-json\/wp\/v2\/media?parent=3472"}],"wp:term":[{"taxonomy":"category","embeddable":true,"href":"https:\/\/agora.xtec.cat\/escolabacdecerdanya\/wp-json\/wp\/v2\/categories?post=3472"},{"taxonomy":"post_tag","embeddable":true,"href":"https:\/\/agora.xtec.cat\/escolabacdecerdanya\/wp-json\/wp\/v2\/tags?post=3472"}],"curies":[{"name":"wp","href":"https:\/\/api.w.org\/{rel}","templated":true}]}}