{"id":3414,"date":"2020-12-21T17:12:44","date_gmt":"2020-12-21T16:12:44","guid":{"rendered":"http:\/\/agora.xtec.cat\/escolabacdecerdanya\/?p=3414"},"modified":"2020-12-21T17:12:44","modified_gmt":"2020-12-21T16:12:44","slug":"ultim-dia-del-primer-trimestre-a-1r","status":"publish","type":"post","link":"https:\/\/agora.xtec.cat\/escolabacdecerdanya\/general\/ultim-dia-del-primer-trimestre-a-1r\/","title":{"rendered":"\u00daltim dia del primer trimestre a 1r"},"content":{"rendered":"<p>Avui ha sigut l&#8217;\u00faltim dia d&#8217;escola d&#8217;aquest primer trimestre. \u00c9rem poquets i hem trobat a faltar molt als que no heu pogut venir per\u00f2 ens ho hem passat molt b\u00e9 tamb\u00e9. Hem acabat de veure la pel\u00b7l\u00edcula de Nadal que hav\u00edem comen\u00e7at a veure el dijous; hem fet un petit esmorzar nadalenc amb turrons, neules, i polvorons, hem cagat el Ti\u00f3, hem decorat el sobre de les cartes pels Reis i li hem donat al patge Gregori, hem cantat i hem jugat al pati. Si veieu el v\u00eddeo veureu que el Ti\u00f3 ens ha deixat un missatge molt important i \u00e9s que com que no hi \u00e9rem tots, diu que es quedar\u00e0 fins passat festes per a que el puguem picar tots!<\/p>\n<p>Us deixem fotos i v\u00eddeos del dia d&#8217;avui, esperem que passeu unes bones festes i ens puguem retrobar el 2021!!!<\/p>\n<p>Una abra\u00e7ada enorme de part les mestres de 1r!\u00a0Assumpta i Ariadna<\/p>\n<p style=\"text-align: center\"><a href=\"https:\/\/photos.app.goo.gl\/tQuXsm6SLgrd27hb8\">https:\/\/photos.app.goo.gl\/tQuXsm6SLgrd27hb8<\/a><\/p>\n<p><img loading=\"lazy\" decoding=\"async\" class=\"alignnone  wp-image-3415 aligncenter\" src=\"https:\/\/agora.xtec.cat\/escolabacdecerdanya\/wp-content\/uploads\/usu1753\/2020\/12\/IMG-20201221-WA0006-225x300.jpg\" alt=\"\" width=\"320\" height=\"427\" srcset=\"https:\/\/agora.xtec.cat\/escolabacdecerdanya\/wp-content\/uploads\/usu1753\/2020\/12\/IMG-20201221-WA0006-225x300.jpg 225w, https:\/\/agora.xtec.cat\/escolabacdecerdanya\/wp-content\/uploads\/usu1753\/2020\/12\/IMG-20201221-WA0006-768x1024.jpg 768w, https:\/\/agora.xtec.cat\/escolabacdecerdanya\/wp-content\/uploads\/usu1753\/2020\/12\/IMG-20201221-WA0006.jpg 1200w\" sizes=\"auto, (max-width: 320px) 100vw, 320px\" \/><\/p>\n","protected":false},"excerpt":{"rendered":"<p>Avui ha sigut l&#8217;\u00faltim dia d&#8217;escola d&#8217;aquest primer trimestre. \u00c9rem poquets i hem trobat a faltar molt als que no heu pogut venir per\u00f2 ens ho hem passat molt b\u00e9 tamb\u00e9. Hem acabat de veure la pel\u00b7l\u00edcula de Nadal que hav\u00edem comen\u00e7at a veure el&hellip;  <a href=\"https:\/\/agora.xtec.cat\/escolabacdecerdanya\/general\/ultim-dia-del-primer-trimestre-a-1r\/\" title=\"Read \u00daltim dia del primer trimestre a 1r\">Llegeix m\u00e9s\u00bb<\/a><\/p>\n","protected":false},"author":32,"featured_media":3415,"comment_status":"open","ping_status":"closed","sticky":false,"template":"","format":"standard","meta":{"_bbp_topic_count":0,"_bbp_reply_count":0,"_bbp_total_topic_count":0,"_bbp_total_reply_count":0,"_bbp_voice_count":0,"_bbp_anonymous_reply_count":0,"_bbp_topic_count_hidden":0,"_bbp_reply_count_hidden":0,"_bbp_forum_subforum_count":0,"footnotes":""},"categories":[10,104,1,4],"tags":[],"class_list":["post-3414","post","type-post","status-publish","format-standard","has-post-thumbnail","hentry","category-1r","category-inicial","category-general","category-portada"],"post_mailing_queue_ids":[],"_links":{"self":[{"href":"https:\/\/agora.xtec.cat\/escolabacdecerdanya\/wp-json\/wp\/v2\/posts\/3414","targetHints":{"allow":["GET"]}}],"collection":[{"href":"https:\/\/agora.xtec.cat\/escolabacdecerdanya\/wp-json\/wp\/v2\/posts"}],"about":[{"href":"https:\/\/agora.xtec.cat\/escolabacdecerdanya\/wp-json\/wp\/v2\/types\/post"}],"author":[{"embeddable":true,"href":"https:\/\/agora.xtec.cat\/escolabacdecerdanya\/wp-json\/wp\/v2\/users\/32"}],"replies":[{"embeddable":true,"href":"https:\/\/agora.xtec.cat\/escolabacdecerdanya\/wp-json\/wp\/v2\/comments?post=3414"}],"version-history":[{"count":1,"href":"https:\/\/agora.xtec.cat\/escolabacdecerdanya\/wp-json\/wp\/v2\/posts\/3414\/revisions"}],"predecessor-version":[{"id":3416,"href":"https:\/\/agora.xtec.cat\/escolabacdecerdanya\/wp-json\/wp\/v2\/posts\/3414\/revisions\/3416"}],"wp:featuredmedia":[{"embeddable":true,"href":"https:\/\/agora.xtec.cat\/escolabacdecerdanya\/wp-json\/wp\/v2\/media\/3415"}],"wp:attachment":[{"href":"https:\/\/agora.xtec.cat\/escolabacdecerdanya\/wp-json\/wp\/v2\/media?parent=3414"}],"wp:term":[{"taxonomy":"category","embeddable":true,"href":"https:\/\/agora.xtec.cat\/escolabacdecerdanya\/wp-json\/wp\/v2\/categories?post=3414"},{"taxonomy":"post_tag","embeddable":true,"href":"https:\/\/agora.xtec.cat\/escolabacdecerdanya\/wp-json\/wp\/v2\/tags?post=3414"}],"curies":[{"name":"wp","href":"https:\/\/api.w.org\/{rel}","templated":true}]}}