{"id":3396,"date":"2020-12-19T12:09:01","date_gmt":"2020-12-19T11:09:01","guid":{"rendered":"http:\/\/agora.xtec.cat\/escolabacdecerdanya\/?p=3396"},"modified":"2020-12-19T12:09:01","modified_gmt":"2020-12-19T11:09:01","slug":"cantada-de-nadales-per-la-marato-de-tv3","status":"publish","type":"post","link":"https:\/\/agora.xtec.cat\/escolabacdecerdanya\/general\/cantada-de-nadales-per-la-marato-de-tv3\/","title":{"rendered":"CANTADA DE NADALES PER LA MARAT\u00d3 DE TV3"},"content":{"rendered":"<p>Ahir vam sortir a les places i carrers d&#8217;Alp a cantar Nadales!<\/p>\n<p>No hem pogut fer el Festival de Nadal a l&#8217;Auditori del Palau de Congressos per\u00f2 l&#8217;hem adaptat a la situaci\u00f3 de pand\u00e8mia actual; ben abrigats, cadasc\u00fa amb el seu grup bombolla, hem sortit a cantar als carrers i ho hem pogut compartir amb totes les fam\u00edlies i ve\u00efns del poble.<a href=\"https:\/\/photos.app.goo.gl\/GuoXx7SsCiahuGJ28\"><img loading=\"lazy\" decoding=\"async\" class=\"wp-image-3397 size-medium alignright\" src=\"https:\/\/agora.xtec.cat\/escolabacdecerdanya\/wp-content\/uploads\/usu1753\/2020\/12\/IMG-20201218-WA0011-300x225.jpg\" alt=\"\" width=\"300\" height=\"225\" srcset=\"https:\/\/agora.xtec.cat\/escolabacdecerdanya\/wp-content\/uploads\/usu1753\/2020\/12\/IMG-20201218-WA0011-300x225.jpg 300w, https:\/\/agora.xtec.cat\/escolabacdecerdanya\/wp-content\/uploads\/usu1753\/2020\/12\/IMG-20201218-WA0011-768x576.jpg 768w, https:\/\/agora.xtec.cat\/escolabacdecerdanya\/wp-content\/uploads\/usu1753\/2020\/12\/IMG-20201218-WA0011-1024x768.jpg 1024w, https:\/\/agora.xtec.cat\/escolabacdecerdanya\/wp-content\/uploads\/usu1753\/2020\/12\/IMG-20201218-WA0011-200x150.jpg 200w, https:\/\/agora.xtec.cat\/escolabacdecerdanya\/wp-content\/uploads\/usu1753\/2020\/12\/IMG-20201218-WA0011.jpg 1600w\" sizes=\"auto, (max-width: 300px) 100vw, 300px\" \/><\/a><\/p>\n<p style=\"text-align: right\">Cliqueu la imatge per veure fotos i v\u00eddeos!<\/p>\n<p>Nom\u00e9s vam trobar a faltar molt\u00edssim els companys i companyes de 3r i 4t que es van haver de posar en quarentena justament aquest dijous. Per\u00f2 no patiu, si voleu veure la seva actuaci\u00f3 al final de l&#8217;article us passem l&#8217;enlla\u00e7 de la publicaci\u00f3 amb el v\u00eddeo!<\/p>\n<p>La Llar d&#8217;infants Alpi tamb\u00e9 van actuar a les xarxes socials, aqu\u00ed teniu l&#8217;enlla\u00e7:<\/p>\n<p><a href=\"https:\/\/www.instagram.com\/tv\/CI8-x_sBe2n\/?utm_source=ig_web_button_share_sheet\">https:\/\/www.instagram.com\/tv\/CI8-x_sBe2n\/?utm_source=ig_web_button_share_sheet<\/a><\/p>\n<p>Tamb\u00e9 vam posar unes guardioles per recollir calerons per La Marat\u00f3 d&#8217;enguany, dedicada a la COVID19&#8230;<\/p>\n<p style=\"text-align: center\">i hem recollit<strong> 437 euros!!!<\/strong><\/p>\n<p style=\"text-align: center\"><strong>MOLTES GR\u00c0CIES A TOTHOM !!!<\/strong><\/p>\n<p style=\"text-align: center\">Especialment a l&#8217;Ajuntament d&#8217;Alp per posar-ho tot tan f\u00e0cil!<\/p>\n<p style=\"text-align: center\">\n<blockquote class=\"wp-embedded-content\" data-secret=\"PgPMmjBDXm\"><p><a href=\"https:\/\/agora.xtec.cat\/escolabacdecerdanya\/general\/festival-de-nadal\/\">FESTIVAL DE NADAL<\/a><\/p><\/blockquote>\n<p><iframe loading=\"lazy\" class=\"wp-embedded-content\" sandbox=\"allow-scripts\" security=\"restricted\" style=\"position: absolute; clip: rect(1px, 1px, 1px, 1px);\" title=\"&#8220;FESTIVAL DE NADAL&#8221; &#8212; Escola Bac de Cerdanya\" src=\"https:\/\/agora.xtec.cat\/escolabacdecerdanya\/general\/festival-de-nadal\/embed\/#?secret=ziDtUSSKkc#?secret=PgPMmjBDXm\" data-secret=\"PgPMmjBDXm\" width=\"500\" height=\"282\" frameborder=\"0\" marginwidth=\"0\" marginheight=\"0\" scrolling=\"no\"><\/iframe><\/p>\n<p style=\"text-align: center\">\n","protected":false},"excerpt":{"rendered":"<p>Ahir vam sortir a les places i carrers d&#8217;Alp a cantar Nadales!<br \/>\nNo hem pogut fer el Festival de Nadal a l&#8217;Auditori del Palau de Congressos per\u00f2 l&#8217;hem adaptat a la situaci\u00f3 de pand\u00e8mia actual; ben abrigats, cadasc\u00fa amb el seu grup bombolla, hem sortit a&hellip;  <a href=\"https:\/\/agora.xtec.cat\/escolabacdecerdanya\/general\/cantada-de-nadales-per-la-marato-de-tv3\/\" title=\"Read CANTADA DE NADALES PER LA MARAT\u00d3 DE TV3\">Llegeix m\u00e9s\u00bb<\/a><\/p>\n","protected":false},"author":8,"featured_media":3398,"comment_status":"open","ping_status":"closed","sticky":false,"template":"","format":"standard","meta":{"_bbp_topic_count":0,"_bbp_reply_count":0,"_bbp_total_topic_count":0,"_bbp_total_reply_count":0,"_bbp_voice_count":0,"_bbp_anonymous_reply_count":0,"_bbp_topic_count_hidden":0,"_bbp_reply_count_hidden":0,"_bbp_forum_subforum_count":0,"footnotes":""},"categories":[104,105,76,103,60,161,1,121,69,61,4],"tags":[],"class_list":["post-3396","post","type-post","status-publish","format-standard","has-post-thumbnail","hentry","category-inicial","category-mitja","category-cicle-superior","category-infantil-2","category-families","category-festes","category-general","category-musica","category-nadal","category-novetats","category-portada"],"post_mailing_queue_ids":[],"_links":{"self":[{"href":"https:\/\/agora.xtec.cat\/escolabacdecerdanya\/wp-json\/wp\/v2\/posts\/3396","targetHints":{"allow":["GET"]}}],"collection":[{"href":"https:\/\/agora.xtec.cat\/escolabacdecerdanya\/wp-json\/wp\/v2\/posts"}],"about":[{"href":"https:\/\/agora.xtec.cat\/escolabacdecerdanya\/wp-json\/wp\/v2\/types\/post"}],"author":[{"embeddable":true,"href":"https:\/\/agora.xtec.cat\/escolabacdecerdanya\/wp-json\/wp\/v2\/users\/8"}],"replies":[{"embeddable":true,"href":"https:\/\/agora.xtec.cat\/escolabacdecerdanya\/wp-json\/wp\/v2\/comments?post=3396"}],"version-history":[{"count":3,"href":"https:\/\/agora.xtec.cat\/escolabacdecerdanya\/wp-json\/wp\/v2\/posts\/3396\/revisions"}],"predecessor-version":[{"id":3403,"href":"https:\/\/agora.xtec.cat\/escolabacdecerdanya\/wp-json\/wp\/v2\/posts\/3396\/revisions\/3403"}],"wp:featuredmedia":[{"embeddable":true,"href":"https:\/\/agora.xtec.cat\/escolabacdecerdanya\/wp-json\/wp\/v2\/media\/3398"}],"wp:attachment":[{"href":"https:\/\/agora.xtec.cat\/escolabacdecerdanya\/wp-json\/wp\/v2\/media?parent=3396"}],"wp:term":[{"taxonomy":"category","embeddable":true,"href":"https:\/\/agora.xtec.cat\/escolabacdecerdanya\/wp-json\/wp\/v2\/categories?post=3396"},{"taxonomy":"post_tag","embeddable":true,"href":"https:\/\/agora.xtec.cat\/escolabacdecerdanya\/wp-json\/wp\/v2\/tags?post=3396"}],"curies":[{"name":"wp","href":"https:\/\/api.w.org\/{rel}","templated":true}]}}