{"id":3358,"date":"2020-12-11T15:39:26","date_gmt":"2020-12-11T14:39:26","guid":{"rendered":"http:\/\/agora.xtec.cat\/escolabacdecerdanya\/?p=3358"},"modified":"2020-12-11T15:39:26","modified_gmt":"2020-12-11T14:39:26","slug":"arriba-el-tio-a-1r","status":"publish","type":"post","link":"https:\/\/agora.xtec.cat\/escolabacdecerdanya\/general\/arriba-el-tio-a-1r\/","title":{"rendered":"Arriba el Ti\u00f3 a 1r!"},"content":{"rendered":"<p>Avui hem tingut una gran sorpresa i \u00e9s que ha arribat el nostre esperat Ti\u00f3! Ja port\u00e0vem dies preocupats per si podria venir donada la situaci\u00f3 de la pand\u00e8mia i les \u00faltimes nevades, per\u00f2 com no podia ser d&#8217;una altra manera el Ti\u00f3 ha arribat! Aix\u00f2 s\u00ed, amb mascareta per anar ben protegit i amb mitjonets per anar ben calent! Ha sigut una gran sorpresa quan despr\u00e9s d&#8217;haver estat assejant la can\u00e7\u00f3 del Ti\u00f3, hem aixecat les persianes i &#8230;..estava a la finestra!!! Potser hem cantat tant fort que ens ha sentit. Ens hem emocionat molt de veure&#8217;l all\u00e0 i de seguida l&#8217;hem entrat a la classe i li hem posat una manta per a que estigues calent.Tamb\u00e9 li hem donat algo de menjar per a que recuper\u00e9s forces del llarg viatge. \u00c9s un Ti\u00f3 molt divertit! Te una gran boca, una dent i un forat al culetl! poster \u00e9s perqu\u00e8 caga molt aquest Ti\u00f3&#8230;.qui sap! Ara l&#8217;haurem de cuidar i engreixar per a que cagui molts regals!<\/p>\n<p>Us deixem algunes fotos i v\u00eddeos fets avui:\u00a0<a href=\"https:\/\/photos.app.goo.gl\/bEwiQ6cj9dc1fKhV6\">https:\/\/photos.app.goo.gl\/bEwiQ6cj9dc1fKhV6<\/a><\/p>\n<p><img loading=\"lazy\" decoding=\"async\" class=\" wp-image-3360 aligncenter\" src=\"https:\/\/agora.xtec.cat\/escolabacdecerdanya\/wp-content\/uploads\/usu1753\/2020\/12\/tio-300x169.jpg\" alt=\"\" width=\"394\" height=\"222\" srcset=\"https:\/\/agora.xtec.cat\/escolabacdecerdanya\/wp-content\/uploads\/usu1753\/2020\/12\/tio-300x169.jpg 300w, https:\/\/agora.xtec.cat\/escolabacdecerdanya\/wp-content\/uploads\/usu1753\/2020\/12\/tio-768x432.jpg 768w, https:\/\/agora.xtec.cat\/escolabacdecerdanya\/wp-content\/uploads\/usu1753\/2020\/12\/tio-1024x576.jpg 1024w\" sizes=\"auto, (max-width: 394px) 100vw, 394px\" \/><\/p>\n","protected":false},"excerpt":{"rendered":"<p>Avui hem tingut una gran sorpresa i \u00e9s que ha arribat el nostre esperat Ti\u00f3! Ja port\u00e0vem dies preocupats per si podria venir donada la situaci\u00f3 de la pand\u00e8mia i les \u00faltimes nevades, per\u00f2 com no podia ser d&#8217;una altra manera el Ti\u00f3 ha arribat!&hellip;  <a href=\"https:\/\/agora.xtec.cat\/escolabacdecerdanya\/general\/arriba-el-tio-a-1r\/\" title=\"Read Arriba el Ti\u00f3 a 1r!\">Llegeix m\u00e9s\u00bb<\/a><\/p>\n","protected":false},"author":32,"featured_media":3360,"comment_status":"open","ping_status":"closed","sticky":false,"template":"","format":"standard","meta":{"_bbp_topic_count":0,"_bbp_reply_count":0,"_bbp_total_topic_count":0,"_bbp_total_reply_count":0,"_bbp_voice_count":0,"_bbp_anonymous_reply_count":0,"_bbp_topic_count_hidden":0,"_bbp_reply_count_hidden":0,"_bbp_forum_subforum_count":0,"footnotes":""},"categories":[10,104,1,4],"tags":[],"class_list":["post-3358","post","type-post","status-publish","format-standard","has-post-thumbnail","hentry","category-1r","category-inicial","category-general","category-portada"],"post_mailing_queue_ids":[],"_links":{"self":[{"href":"https:\/\/agora.xtec.cat\/escolabacdecerdanya\/wp-json\/wp\/v2\/posts\/3358","targetHints":{"allow":["GET"]}}],"collection":[{"href":"https:\/\/agora.xtec.cat\/escolabacdecerdanya\/wp-json\/wp\/v2\/posts"}],"about":[{"href":"https:\/\/agora.xtec.cat\/escolabacdecerdanya\/wp-json\/wp\/v2\/types\/post"}],"author":[{"embeddable":true,"href":"https:\/\/agora.xtec.cat\/escolabacdecerdanya\/wp-json\/wp\/v2\/users\/32"}],"replies":[{"embeddable":true,"href":"https:\/\/agora.xtec.cat\/escolabacdecerdanya\/wp-json\/wp\/v2\/comments?post=3358"}],"version-history":[{"count":1,"href":"https:\/\/agora.xtec.cat\/escolabacdecerdanya\/wp-json\/wp\/v2\/posts\/3358\/revisions"}],"predecessor-version":[{"id":3361,"href":"https:\/\/agora.xtec.cat\/escolabacdecerdanya\/wp-json\/wp\/v2\/posts\/3358\/revisions\/3361"}],"wp:featuredmedia":[{"embeddable":true,"href":"https:\/\/agora.xtec.cat\/escolabacdecerdanya\/wp-json\/wp\/v2\/media\/3360"}],"wp:attachment":[{"href":"https:\/\/agora.xtec.cat\/escolabacdecerdanya\/wp-json\/wp\/v2\/media?parent=3358"}],"wp:term":[{"taxonomy":"category","embeddable":true,"href":"https:\/\/agora.xtec.cat\/escolabacdecerdanya\/wp-json\/wp\/v2\/categories?post=3358"},{"taxonomy":"post_tag","embeddable":true,"href":"https:\/\/agora.xtec.cat\/escolabacdecerdanya\/wp-json\/wp\/v2\/tags?post=3358"}],"curies":[{"name":"wp","href":"https:\/\/api.w.org\/{rel}","templated":true}]}}