{"id":3329,"date":"2020-12-08T20:11:46","date_gmt":"2020-12-08T19:11:46","guid":{"rendered":"http:\/\/agora.xtec.cat\/escolabacdecerdanya\/?p=3329"},"modified":"2020-12-09T10:57:10","modified_gmt":"2020-12-09T09:57:10","slug":"fotografies-1r-trimestre-1r","status":"publish","type":"post","link":"https:\/\/agora.xtec.cat\/escolabacdecerdanya\/general\/fotografies-1r-trimestre-1r\/","title":{"rendered":"Fotografies 1r trimestre (1r)"},"content":{"rendered":"<p>Estem a punt d&#8217;acabar el trimestre i revisant fotografies hem vist que hem fet moltes coses! Hem jugat, hem apr\u00e8s poemes, hem fet matem\u00e0tiques divertides, hem preparat un mural del supermercat, hem llegit molt, hem celebrat aniversaris, ens ho hem passat pipa a Educaci\u00f3 F\u00edsica, hem fet rob\u00f2tica&#8230; i tamb\u00e9 algun moment ens hem enfadat per\u00f2 per sort han estat pocs aquests moments. De tot s&#8217;apren!<\/p>\n<p>Aqu\u00ed us deixem un recull de fotografies:\u00a0<a href=\"https:\/\/photos.app.goo.gl\/7ELSzv8DVjL6VDRGA\">https:\/\/photos.app.goo.gl\/7ELSzv8DVjL6VDRGA<\/a><\/p>\n<p><img loading=\"lazy\" decoding=\"async\" class=\"aligncenter wp-image-3330 size-medium\" src=\"https:\/\/agora.xtec.cat\/escolabacdecerdanya\/wp-content\/uploads\/usu1753\/2020\/12\/20201027_1151040-300x208.jpg\" alt=\"\" width=\"300\" height=\"208\" srcset=\"https:\/\/agora.xtec.cat\/escolabacdecerdanya\/wp-content\/uploads\/usu1753\/2020\/12\/20201027_1151040-300x208.jpg 300w, https:\/\/agora.xtec.cat\/escolabacdecerdanya\/wp-content\/uploads\/usu1753\/2020\/12\/20201027_1151040-768x533.jpg 768w, https:\/\/agora.xtec.cat\/escolabacdecerdanya\/wp-content\/uploads\/usu1753\/2020\/12\/20201027_1151040-1024x710.jpg 1024w\" sizes=\"auto, (max-width: 300px) 100vw, 300px\" \/><\/p>\n<p>&nbsp;<\/p>\n","protected":false},"excerpt":{"rendered":"<p>Estem a punt d&#8217;acabar el trimestre i revisant fotografies hem vist que hem fet moltes coses! Hem jugat, hem apr\u00e8s poemes, hem fet matem\u00e0tiques divertides, hem preparat un mural del supermercat, hem llegit molt, hem celebrat aniversaris, ens ho hem passat pipa a Educaci\u00f3 F\u00edsica,&hellip;  <a href=\"https:\/\/agora.xtec.cat\/escolabacdecerdanya\/general\/fotografies-1r-trimestre-1r\/\" title=\"Read Fotografies 1r trimestre (1r)\">Llegeix m\u00e9s\u00bb<\/a><\/p>\n","protected":false},"author":32,"featured_media":3333,"comment_status":"open","ping_status":"closed","sticky":false,"template":"","format":"standard","meta":{"_bbp_topic_count":0,"_bbp_reply_count":0,"_bbp_total_topic_count":0,"_bbp_total_reply_count":0,"_bbp_voice_count":0,"_bbp_anonymous_reply_count":0,"_bbp_topic_count_hidden":0,"_bbp_reply_count_hidden":0,"_bbp_forum_subforum_count":0,"footnotes":""},"categories":[10,104,1,4],"tags":[],"class_list":["post-3329","post","type-post","status-publish","format-standard","has-post-thumbnail","hentry","category-1r","category-inicial","category-general","category-portada"],"post_mailing_queue_ids":[],"_links":{"self":[{"href":"https:\/\/agora.xtec.cat\/escolabacdecerdanya\/wp-json\/wp\/v2\/posts\/3329","targetHints":{"allow":["GET"]}}],"collection":[{"href":"https:\/\/agora.xtec.cat\/escolabacdecerdanya\/wp-json\/wp\/v2\/posts"}],"about":[{"href":"https:\/\/agora.xtec.cat\/escolabacdecerdanya\/wp-json\/wp\/v2\/types\/post"}],"author":[{"embeddable":true,"href":"https:\/\/agora.xtec.cat\/escolabacdecerdanya\/wp-json\/wp\/v2\/users\/32"}],"replies":[{"embeddable":true,"href":"https:\/\/agora.xtec.cat\/escolabacdecerdanya\/wp-json\/wp\/v2\/comments?post=3329"}],"version-history":[{"count":3,"href":"https:\/\/agora.xtec.cat\/escolabacdecerdanya\/wp-json\/wp\/v2\/posts\/3329\/revisions"}],"predecessor-version":[{"id":3334,"href":"https:\/\/agora.xtec.cat\/escolabacdecerdanya\/wp-json\/wp\/v2\/posts\/3329\/revisions\/3334"}],"wp:featuredmedia":[{"embeddable":true,"href":"https:\/\/agora.xtec.cat\/escolabacdecerdanya\/wp-json\/wp\/v2\/media\/3333"}],"wp:attachment":[{"href":"https:\/\/agora.xtec.cat\/escolabacdecerdanya\/wp-json\/wp\/v2\/media?parent=3329"}],"wp:term":[{"taxonomy":"category","embeddable":true,"href":"https:\/\/agora.xtec.cat\/escolabacdecerdanya\/wp-json\/wp\/v2\/categories?post=3329"},{"taxonomy":"post_tag","embeddable":true,"href":"https:\/\/agora.xtec.cat\/escolabacdecerdanya\/wp-json\/wp\/v2\/tags?post=3329"}],"curies":[{"name":"wp","href":"https:\/\/api.w.org\/{rel}","templated":true}]}}