{"id":3301,"date":"2020-12-03T07:22:54","date_gmt":"2020-12-03T06:22:54","guid":{"rendered":"http:\/\/agora.xtec.cat\/escolabacdecerdanya\/?p=3301"},"modified":"2020-12-03T07:22:54","modified_gmt":"2020-12-03T06:22:54","slug":"joyeux-noel","status":"publish","type":"post","link":"https:\/\/agora.xtec.cat\/escolabacdecerdanya\/general\/joyeux-noel\/","title":{"rendered":"JOYEUX NO\u00cbL"},"content":{"rendered":"<p>Les \u00e9l\u00e8ves de troisi\u00e8me et quatri\u00e8me ann\u00e9e ont cr\u00e9e un calendrier de l&#8217;advent g\u00e9ant. Ils ont coup\u00e9 un sapin et y ont accroch\u00e9 des enveloppes. \u00c0 l&#8217;nt\u00e9rieur des enveloppes ils ont mis des jeux en fran\u00e7ais li\u00e9s au vocabulaire de No\u00ebl travaill\u00e9. Ils ont finalement invit\u00e9 les enfants du cinqui\u00e8me et du sixi\u00e8me cours. Merci pour votre collaboration chers amis!<\/p>\n<p>(Els alumnes de tercer i quart han fet un calendari d&#8217;advent gegant. Han retallat un arbre de Nadal i hi han penjat sobres. Dins els sobres han ficat jocs en franc\u00e8s relacionats amb el vocabulari de Nadal treballat. Finalment han convidat a jugar als alumnes de cinqu\u00e8 i de sis\u00e8. Gr\u00e0cies per la vostra col\u00b7laboraci\u00f3 estimats amics!)<\/p>\n<p><a href=\"https:\/\/photos.app.goo.gl\/EqVhbSena2P9MTxG9\"><img loading=\"lazy\" decoding=\"async\" class=\"wp-image-3305 aligncenter\" src=\"https:\/\/agora.xtec.cat\/escolabacdecerdanya\/wp-content\/uploads\/usu1753\/2020\/12\/20201201_131658_opt.jpg\" alt=\"\" width=\"189\" height=\"389\" \/><\/a><\/p>\n<p>&nbsp;<\/p>\n","protected":false},"excerpt":{"rendered":"<p>Les \u00e9l\u00e8ves de troisi\u00e8me et quatri\u00e8me ann\u00e9e ont cr\u00e9e un calendrier de l&#8217;advent g\u00e9ant. Ils ont coup\u00e9 un sapin et y ont accroch\u00e9 des enveloppes. \u00c0 l&#8217;nt\u00e9rieur des enveloppes ils ont mis des jeux en fran\u00e7ais li\u00e9s au vocabulaire de No\u00ebl travaill\u00e9. Ils ont finalement&hellip;  <a href=\"https:\/\/agora.xtec.cat\/escolabacdecerdanya\/general\/joyeux-noel\/\" title=\"Read JOYEUX NO\u00cbL\">Llegeix m\u00e9s\u00bb<\/a><\/p>\n","protected":false},"author":6,"featured_media":3302,"comment_status":"open","ping_status":"closed","sticky":false,"template":"","format":"standard","meta":{"_bbp_topic_count":0,"_bbp_reply_count":0,"_bbp_total_topic_count":0,"_bbp_total_reply_count":0,"_bbp_voice_count":0,"_bbp_anonymous_reply_count":0,"_bbp_topic_count_hidden":0,"_bbp_reply_count_hidden":0,"_bbp_forum_subforum_count":0,"footnotes":""},"categories":[12,13,14,15,105,76,156,1,162,69,4],"tags":[],"class_list":["post-3301","post","type-post","status-publish","format-standard","has-post-thumbnail","hentry","category-3r","category-4t","category-5e","category-6e","category-mitja","category-cicle-superior","category-francais","category-general","category-llengues-estrangeres","category-nadal","category-portada"],"post_mailing_queue_ids":[],"_links":{"self":[{"href":"https:\/\/agora.xtec.cat\/escolabacdecerdanya\/wp-json\/wp\/v2\/posts\/3301","targetHints":{"allow":["GET"]}}],"collection":[{"href":"https:\/\/agora.xtec.cat\/escolabacdecerdanya\/wp-json\/wp\/v2\/posts"}],"about":[{"href":"https:\/\/agora.xtec.cat\/escolabacdecerdanya\/wp-json\/wp\/v2\/types\/post"}],"author":[{"embeddable":true,"href":"https:\/\/agora.xtec.cat\/escolabacdecerdanya\/wp-json\/wp\/v2\/users\/6"}],"replies":[{"embeddable":true,"href":"https:\/\/agora.xtec.cat\/escolabacdecerdanya\/wp-json\/wp\/v2\/comments?post=3301"}],"version-history":[{"count":2,"href":"https:\/\/agora.xtec.cat\/escolabacdecerdanya\/wp-json\/wp\/v2\/posts\/3301\/revisions"}],"predecessor-version":[{"id":3307,"href":"https:\/\/agora.xtec.cat\/escolabacdecerdanya\/wp-json\/wp\/v2\/posts\/3301\/revisions\/3307"}],"wp:featuredmedia":[{"embeddable":true,"href":"https:\/\/agora.xtec.cat\/escolabacdecerdanya\/wp-json\/wp\/v2\/media\/3302"}],"wp:attachment":[{"href":"https:\/\/agora.xtec.cat\/escolabacdecerdanya\/wp-json\/wp\/v2\/media?parent=3301"}],"wp:term":[{"taxonomy":"category","embeddable":true,"href":"https:\/\/agora.xtec.cat\/escolabacdecerdanya\/wp-json\/wp\/v2\/categories?post=3301"},{"taxonomy":"post_tag","embeddable":true,"href":"https:\/\/agora.xtec.cat\/escolabacdecerdanya\/wp-json\/wp\/v2\/tags?post=3301"}],"curies":[{"name":"wp","href":"https:\/\/api.w.org\/{rel}","templated":true}]}}