{"id":3280,"date":"2020-11-25T22:54:15","date_gmt":"2020-11-25T21:54:15","guid":{"rendered":"http:\/\/agora.xtec.cat\/escolabacdecerdanya\/?p=3280"},"modified":"2020-11-25T22:58:02","modified_gmt":"2020-11-25T21:58:02","slug":"representacio-del-conte-el-peix-irisat-a-p3","status":"publish","type":"post","link":"https:\/\/agora.xtec.cat\/escolabacdecerdanya\/general\/representacio-del-conte-el-peix-irisat-a-p3\/","title":{"rendered":"Representaci\u00f3 del conte: EL PEIX IRISAT a P3"},"content":{"rendered":"<p>Els nens i les nenes de la classe dels CONTES hem fet una petita representaci\u00f3 del conte EL PEIX IRISAT. Un conte amb el que hem treballat les emocions i l&#8217;empatia. El fet de compartir, l&#8217;expressi\u00f3 oral i la gestual, i ens ho hem passat s\u00faper b\u00e9!<\/p>\n<p>&nbsp;<\/p>\n<p><a href=\"https:\/\/nam12.safelinks.protection.outlook.com\/?url=https%3A%2F%2Fyoutu.be%2FquVYLe_PxrE&amp;amp;data=04%7C01%7C%7Ce084f3efda3b46b53c9608d8918c084c%7C84df9e7fe9f640afb435aaaaaaaaaaaa%7C1%7C0%7C637419377898444304%7CUnknown%7CTWFpbGZsb3d8eyJWIjoiMC4wLjAwMDAiLCJQIjoiV2luMzIiLCJBTiI6Ik1haWwiLCJXVCI6Mn0%3D%7C1000&amp;amp;sdata=5cS0R%2Bl7kyvgHLT1NudhsKxtLXRKnVQJKehpOgpgH38%3D&amp;amp;reserved=0\">https:\/\/nam12.safelinks.protection.outlook.com\/?url=https%3A%2F%2Fyoutu.be%2FquVYLe_PxrE&amp;amp;data=04%7C01%7C%7Ce084f3efda3b46b53c9608d8918c084c%7C84df9e7fe9f640afb435aaaaaaaaaaaa%7C1%7C0%7C637419377898444304%7CUnknown%7CTWFpbGZsb3d8eyJWIjoiMC4wLjAwMDAiLCJQIjoiV2luMzIiLCJBTiI6Ik1haWwiLCJXVCI6Mn0%3D%7C1000&amp;amp;sdata=5cS0R%2Bl7kyvgHLT1NudhsKxtLXRKnVQJKehpOgpgH38%3D&amp;amp;reserved=0<\/a><\/p>\n","protected":false},"excerpt":{"rendered":"<p>Els nens i les nenes de la classe dels CONTES hem fet una petita representaci\u00f3 del conte EL PEIX IRISAT. Un conte amb el que hem treballat les emocions i l&#8217;empatia. El fet de compartir, l&#8217;expressi\u00f3 oral i la gestual, i ens ho hem passat&hellip;  <a href=\"https:\/\/agora.xtec.cat\/escolabacdecerdanya\/general\/representacio-del-conte-el-peix-irisat-a-p3\/\" title=\"Read Representaci\u00f3 del conte: EL PEIX IRISAT a P3\">Llegeix m\u00e9s\u00bb<\/a><\/p>\n","protected":false},"author":1,"featured_media":0,"comment_status":"open","ping_status":"closed","sticky":false,"template":"","format":"standard","meta":{"_bbp_topic_count":0,"_bbp_reply_count":0,"_bbp_total_topic_count":0,"_bbp_total_reply_count":0,"_bbp_voice_count":0,"_bbp_anonymous_reply_count":0,"_bbp_topic_count_hidden":0,"_bbp_reply_count_hidden":0,"_bbp_forum_subforum_count":0,"footnotes":""},"categories":[103,1,3,4],"tags":[],"class_list":["post-3280","post","type-post","status-publish","format-standard","hentry","category-infantil-2","category-general","category-p3","category-portada"],"post_mailing_queue_ids":[],"_links":{"self":[{"href":"https:\/\/agora.xtec.cat\/escolabacdecerdanya\/wp-json\/wp\/v2\/posts\/3280","targetHints":{"allow":["GET"]}}],"collection":[{"href":"https:\/\/agora.xtec.cat\/escolabacdecerdanya\/wp-json\/wp\/v2\/posts"}],"about":[{"href":"https:\/\/agora.xtec.cat\/escolabacdecerdanya\/wp-json\/wp\/v2\/types\/post"}],"author":[{"embeddable":true,"href":"https:\/\/agora.xtec.cat\/escolabacdecerdanya\/wp-json\/wp\/v2\/users\/1"}],"replies":[{"embeddable":true,"href":"https:\/\/agora.xtec.cat\/escolabacdecerdanya\/wp-json\/wp\/v2\/comments?post=3280"}],"version-history":[{"count":2,"href":"https:\/\/agora.xtec.cat\/escolabacdecerdanya\/wp-json\/wp\/v2\/posts\/3280\/revisions"}],"predecessor-version":[{"id":3282,"href":"https:\/\/agora.xtec.cat\/escolabacdecerdanya\/wp-json\/wp\/v2\/posts\/3280\/revisions\/3282"}],"wp:attachment":[{"href":"https:\/\/agora.xtec.cat\/escolabacdecerdanya\/wp-json\/wp\/v2\/media?parent=3280"}],"wp:term":[{"taxonomy":"category","embeddable":true,"href":"https:\/\/agora.xtec.cat\/escolabacdecerdanya\/wp-json\/wp\/v2\/categories?post=3280"},{"taxonomy":"post_tag","embeddable":true,"href":"https:\/\/agora.xtec.cat\/escolabacdecerdanya\/wp-json\/wp\/v2\/tags?post=3280"}],"curies":[{"name":"wp","href":"https:\/\/api.w.org\/{rel}","templated":true}]}}