{"id":3270,"date":"2020-11-25T16:17:07","date_gmt":"2020-11-25T15:17:07","guid":{"rendered":"http:\/\/agora.xtec.cat\/escolabacdecerdanya\/?p=3270"},"modified":"2020-11-25T16:17:07","modified_gmt":"2020-11-25T15:17:07","slug":"coreografia-de-basquet-a-ed-fisica","status":"publish","type":"post","link":"https:\/\/agora.xtec.cat\/escolabacdecerdanya\/general\/coreografia-de-basquet-a-ed-fisica\/","title":{"rendered":"COREOGRAFIA DE B\u00c0SQUET A ED. F\u00cdSICA"},"content":{"rendered":"<p>Bona tarda a tots i a totes!<\/p>\n<p>Aquestes \u00faltimes setmanes hem estat treballant una coreografia a Educaci\u00f3 F\u00edsica amb pilotes de b\u00e0squet. Ho voleu veure? Mireu&#8230;<\/p>\n<p>&nbsp;<\/p>\n<p><iframe loading=\"lazy\" src=\"\/\/www.youtube.com\/embed\/WIPqFygoMeU\" width=\"560\" height=\"314\"><\/iframe><iframe loading=\"lazy\" src=\"\/\/www.youtube.com\/embed\/bldYe-Pu9ng\" width=\"560\" height=\"314\"><\/iframe><\/p>\n","protected":false},"excerpt":{"rendered":"<p>Bona tarda a tots i a totes!<br \/>\nAquestes \u00faltimes setmanes hem estat treballant una coreografia a Educaci\u00f3 F\u00edsica amb pilotes de b\u00e0squet. Ho voleu veure? Mireu&#8230;<br \/>\n&nbsp;<\/p>\n","protected":false},"author":26,"featured_media":3271,"comment_status":"open","ping_status":"closed","sticky":false,"template":"","format":"standard","meta":{"_bbp_topic_count":0,"_bbp_reply_count":0,"_bbp_total_topic_count":0,"_bbp_total_reply_count":0,"_bbp_voice_count":0,"_bbp_anonymous_reply_count":0,"_bbp_topic_count_hidden":0,"_bbp_reply_count_hidden":0,"_bbp_forum_subforum_count":0,"footnotes":""},"categories":[14,143,1,61,4],"tags":[],"class_list":["post-3270","post","type-post","status-publish","format-standard","has-post-thumbnail","hentry","category-5e","category-educacio-fisica","category-general","category-novetats","category-portada"],"post_mailing_queue_ids":[],"_links":{"self":[{"href":"https:\/\/agora.xtec.cat\/escolabacdecerdanya\/wp-json\/wp\/v2\/posts\/3270","targetHints":{"allow":["GET"]}}],"collection":[{"href":"https:\/\/agora.xtec.cat\/escolabacdecerdanya\/wp-json\/wp\/v2\/posts"}],"about":[{"href":"https:\/\/agora.xtec.cat\/escolabacdecerdanya\/wp-json\/wp\/v2\/types\/post"}],"author":[{"embeddable":true,"href":"https:\/\/agora.xtec.cat\/escolabacdecerdanya\/wp-json\/wp\/v2\/users\/26"}],"replies":[{"embeddable":true,"href":"https:\/\/agora.xtec.cat\/escolabacdecerdanya\/wp-json\/wp\/v2\/comments?post=3270"}],"version-history":[{"count":1,"href":"https:\/\/agora.xtec.cat\/escolabacdecerdanya\/wp-json\/wp\/v2\/posts\/3270\/revisions"}],"predecessor-version":[{"id":3272,"href":"https:\/\/agora.xtec.cat\/escolabacdecerdanya\/wp-json\/wp\/v2\/posts\/3270\/revisions\/3272"}],"wp:featuredmedia":[{"embeddable":true,"href":"https:\/\/agora.xtec.cat\/escolabacdecerdanya\/wp-json\/wp\/v2\/media\/3271"}],"wp:attachment":[{"href":"https:\/\/agora.xtec.cat\/escolabacdecerdanya\/wp-json\/wp\/v2\/media?parent=3270"}],"wp:term":[{"taxonomy":"category","embeddable":true,"href":"https:\/\/agora.xtec.cat\/escolabacdecerdanya\/wp-json\/wp\/v2\/categories?post=3270"},{"taxonomy":"post_tag","embeddable":true,"href":"https:\/\/agora.xtec.cat\/escolabacdecerdanya\/wp-json\/wp\/v2\/tags?post=3270"}],"curies":[{"name":"wp","href":"https:\/\/api.w.org\/{rel}","templated":true}]}}