{"id":3247,"date":"2020-11-17T16:15:34","date_gmt":"2020-11-17T15:15:34","guid":{"rendered":"http:\/\/agora.xtec.cat\/escolabacdecerdanya\/?p=3247"},"modified":"2020-11-17T16:15:34","modified_gmt":"2020-11-17T15:15:34","slug":"fronteres-de-fil","status":"publish","type":"post","link":"https:\/\/agora.xtec.cat\/escolabacdecerdanya\/general\/fronteres-de-fil\/","title":{"rendered":"FRONTERES DE FIL"},"content":{"rendered":"<p>Hola fam\u00edlies!<\/p>\n<p>Degut a la situaci\u00f3 actual, hem hagut de prendre mesures preventives contra la Covid19. \u00c9s per aix\u00f2 que hem parlat a l&#8217;aula d&#8217;aquestes mesures, i una de les que m\u00e9s afecta a les nostres relacions socials \u00e9s la dist\u00e0ncia social.<\/p>\n<p>Avui ho hem volgut plasmar en una de les sessions d&#8217;Educaci\u00f3 Visual i Pl\u00e0stica, on cadasc\u00fa de nosaltres ha intentat mantenir la dist\u00e0ncia amb la resta de comapnys\/es de classe dibuixant el seu recorregut amb fil de colors. Mireu el proc\u00e9s&#8230;<\/p>\n<p>&nbsp;<\/p>\n<p><iframe loading=\"lazy\" src=\"\/\/www.youtube.com\/embed\/ZvMSWmBjIi4\" width=\"560\" height=\"314\"><\/iframe><\/p>\n","protected":false},"excerpt":{"rendered":"<p>Hola fam\u00edlies!<br \/>\nDegut a la situaci\u00f3 actual, hem hagut de prendre mesures preventives contra la Covid19. \u00c9s per aix\u00f2 que hem parlat a l&#8217;aula d&#8217;aquestes mesures, i una de les que m\u00e9s afecta a les nostres relacions socials \u00e9s la dist\u00e0ncia social.<br \/>\nAvui ho hem volgut plasmar&hellip;  <a href=\"https:\/\/agora.xtec.cat\/escolabacdecerdanya\/general\/fronteres-de-fil\/\" title=\"Read FRONTERES DE FIL\">Llegeix m\u00e9s\u00bb<\/a><\/p>\n","protected":false},"author":26,"featured_media":3248,"comment_status":"open","ping_status":"closed","sticky":false,"template":"","format":"standard","meta":{"_bbp_topic_count":0,"_bbp_reply_count":0,"_bbp_total_topic_count":0,"_bbp_total_reply_count":0,"_bbp_voice_count":0,"_bbp_anonymous_reply_count":0,"_bbp_topic_count_hidden":0,"_bbp_reply_count_hidden":0,"_bbp_forum_subforum_count":0,"footnotes":""},"categories":[14,76,1,61,4],"tags":[],"class_list":["post-3247","post","type-post","status-publish","format-standard","has-post-thumbnail","hentry","category-5e","category-cicle-superior","category-general","category-novetats","category-portada"],"post_mailing_queue_ids":[],"_links":{"self":[{"href":"https:\/\/agora.xtec.cat\/escolabacdecerdanya\/wp-json\/wp\/v2\/posts\/3247","targetHints":{"allow":["GET"]}}],"collection":[{"href":"https:\/\/agora.xtec.cat\/escolabacdecerdanya\/wp-json\/wp\/v2\/posts"}],"about":[{"href":"https:\/\/agora.xtec.cat\/escolabacdecerdanya\/wp-json\/wp\/v2\/types\/post"}],"author":[{"embeddable":true,"href":"https:\/\/agora.xtec.cat\/escolabacdecerdanya\/wp-json\/wp\/v2\/users\/26"}],"replies":[{"embeddable":true,"href":"https:\/\/agora.xtec.cat\/escolabacdecerdanya\/wp-json\/wp\/v2\/comments?post=3247"}],"version-history":[{"count":1,"href":"https:\/\/agora.xtec.cat\/escolabacdecerdanya\/wp-json\/wp\/v2\/posts\/3247\/revisions"}],"predecessor-version":[{"id":3249,"href":"https:\/\/agora.xtec.cat\/escolabacdecerdanya\/wp-json\/wp\/v2\/posts\/3247\/revisions\/3249"}],"wp:featuredmedia":[{"embeddable":true,"href":"https:\/\/agora.xtec.cat\/escolabacdecerdanya\/wp-json\/wp\/v2\/media\/3248"}],"wp:attachment":[{"href":"https:\/\/agora.xtec.cat\/escolabacdecerdanya\/wp-json\/wp\/v2\/media?parent=3247"}],"wp:term":[{"taxonomy":"category","embeddable":true,"href":"https:\/\/agora.xtec.cat\/escolabacdecerdanya\/wp-json\/wp\/v2\/categories?post=3247"},{"taxonomy":"post_tag","embeddable":true,"href":"https:\/\/agora.xtec.cat\/escolabacdecerdanya\/wp-json\/wp\/v2\/tags?post=3247"}],"curies":[{"name":"wp","href":"https:\/\/api.w.org\/{rel}","templated":true}]}}