{"id":3229,"date":"2020-11-12T12:00:14","date_gmt":"2020-11-12T11:00:14","guid":{"rendered":"http:\/\/agora.xtec.cat\/escolabacdecerdanya\/?p=3229"},"modified":"2020-11-11T22:02:29","modified_gmt":"2020-11-11T21:02:29","slug":"matematiques-amb-innovamat","status":"publish","type":"post","link":"https:\/\/agora.xtec.cat\/escolabacdecerdanya\/general\/matematiques-amb-innovamat\/","title":{"rendered":"MATEM\u00c0TIQUES amb Innovamat"},"content":{"rendered":"<p>Aquest curs els alumnes de cicle inicial hem comen\u00e7at a treballar les matem\u00e0tiques amb Innovamat.\u00a0 La seva proposta ens motiva molt i ens est\u00e0 ajudant a treballar de manera molt m\u00e9s manipulativa i pr\u00e0ctica aquesta mat\u00e8ria.\u00a0 Mireu algunes de les activitats que hem dut a terme els alumnes de 2n.<\/p>\n<p><a href=\"https:\/\/agora.xtec.cat\/escolabacdecerdanya\/wp-content\/uploads\/usu1753\/2020\/11\/2020-11-11_21.57.11.jpg\"><img loading=\"lazy\" decoding=\"async\" class=\"alignnone size-large wp-image-3231\" src=\"https:\/\/agora.xtec.cat\/escolabacdecerdanya\/wp-content\/uploads\/usu1753\/2020\/11\/2020-11-11_21.57.11-1024x1024.jpg\" alt=\"\" width=\"1024\" height=\"1024\" srcset=\"https:\/\/agora.xtec.cat\/escolabacdecerdanya\/wp-content\/uploads\/usu1753\/2020\/11\/2020-11-11_21.57.11-1024x1024.jpg 1024w, https:\/\/agora.xtec.cat\/escolabacdecerdanya\/wp-content\/uploads\/usu1753\/2020\/11\/2020-11-11_21.57.11-150x150.jpg 150w, https:\/\/agora.xtec.cat\/escolabacdecerdanya\/wp-content\/uploads\/usu1753\/2020\/11\/2020-11-11_21.57.11-300x300.jpg 300w, https:\/\/agora.xtec.cat\/escolabacdecerdanya\/wp-content\/uploads\/usu1753\/2020\/11\/2020-11-11_21.57.11-768x768.jpg 768w, https:\/\/agora.xtec.cat\/escolabacdecerdanya\/wp-content\/uploads\/usu1753\/2020\/11\/2020-11-11_21.57.11.jpg 1440w\" sizes=\"auto, (max-width: 1024px) 100vw, 1024px\" \/><\/a><\/p>\n","protected":false},"excerpt":{"rendered":"<p>Aquest curs els alumnes de cicle inicial hem comen\u00e7at a treballar les matem\u00e0tiques amb Innovamat.\u00a0 La seva proposta ens motiva molt i ens est\u00e0 ajudant a treballar de manera molt m\u00e9s manipulativa i pr\u00e0ctica aquesta mat\u00e8ria.\u00a0 Mireu algunes de les activitats que hem dut a&hellip;  <a href=\"https:\/\/agora.xtec.cat\/escolabacdecerdanya\/general\/matematiques-amb-innovamat\/\" title=\"Read MATEM\u00c0TIQUES amb Innovamat\">Llegeix m\u00e9s\u00bb<\/a><\/p>\n","protected":false},"author":13,"featured_media":3231,"comment_status":"open","ping_status":"closed","sticky":false,"template":"","format":"standard","meta":{"_bbp_topic_count":0,"_bbp_reply_count":0,"_bbp_total_topic_count":0,"_bbp_total_reply_count":0,"_bbp_voice_count":0,"_bbp_anonymous_reply_count":0,"_bbp_topic_count_hidden":0,"_bbp_reply_count_hidden":0,"_bbp_forum_subforum_count":0,"footnotes":""},"categories":[11,104,1,4],"tags":[],"class_list":["post-3229","post","type-post","status-publish","format-standard","has-post-thumbnail","hentry","category-2n","category-inicial","category-general","category-portada"],"post_mailing_queue_ids":[],"_links":{"self":[{"href":"https:\/\/agora.xtec.cat\/escolabacdecerdanya\/wp-json\/wp\/v2\/posts\/3229","targetHints":{"allow":["GET"]}}],"collection":[{"href":"https:\/\/agora.xtec.cat\/escolabacdecerdanya\/wp-json\/wp\/v2\/posts"}],"about":[{"href":"https:\/\/agora.xtec.cat\/escolabacdecerdanya\/wp-json\/wp\/v2\/types\/post"}],"author":[{"embeddable":true,"href":"https:\/\/agora.xtec.cat\/escolabacdecerdanya\/wp-json\/wp\/v2\/users\/13"}],"replies":[{"embeddable":true,"href":"https:\/\/agora.xtec.cat\/escolabacdecerdanya\/wp-json\/wp\/v2\/comments?post=3229"}],"version-history":[{"count":2,"href":"https:\/\/agora.xtec.cat\/escolabacdecerdanya\/wp-json\/wp\/v2\/posts\/3229\/revisions"}],"predecessor-version":[{"id":3233,"href":"https:\/\/agora.xtec.cat\/escolabacdecerdanya\/wp-json\/wp\/v2\/posts\/3229\/revisions\/3233"}],"wp:featuredmedia":[{"embeddable":true,"href":"https:\/\/agora.xtec.cat\/escolabacdecerdanya\/wp-json\/wp\/v2\/media\/3231"}],"wp:attachment":[{"href":"https:\/\/agora.xtec.cat\/escolabacdecerdanya\/wp-json\/wp\/v2\/media?parent=3229"}],"wp:term":[{"taxonomy":"category","embeddable":true,"href":"https:\/\/agora.xtec.cat\/escolabacdecerdanya\/wp-json\/wp\/v2\/categories?post=3229"},{"taxonomy":"post_tag","embeddable":true,"href":"https:\/\/agora.xtec.cat\/escolabacdecerdanya\/wp-json\/wp\/v2\/tags?post=3229"}],"curies":[{"name":"wp","href":"https:\/\/api.w.org\/{rel}","templated":true}]}}