{"id":3215,"date":"2020-11-11T19:00:14","date_gmt":"2020-11-11T18:00:14","guid":{"rendered":"http:\/\/agora.xtec.cat\/escolabacdecerdanya\/?p=3215"},"modified":"2020-11-11T19:03:24","modified_gmt":"2020-11-11T18:03:24","slug":"plastica-de-tardor-a-1r","status":"publish","type":"post","link":"https:\/\/agora.xtec.cat\/escolabacdecerdanya\/general\/plastica-de-tardor-a-1r\/","title":{"rendered":"Pl\u00e0stica de tardor a 1r!"},"content":{"rendered":"<p>El grup de 1r hem estat fent coses molt xules a pl\u00e0stica!<\/p>\n<p>Vam fer un collage molt gran amb fulles de tardor per decorar el nostre passad\u00eds. Ens va portar molta feina&#8230; vinga retallar revistes!!!&#8230; per\u00f2 la veritat \u00e9s que ens va quedar molt xulo!<\/p>\n<p>Tamb\u00e9 vam fer panellets la setmana de la castanyada. Aquesta any no ens els hem pogut menjar perqu\u00e8 eren de plastilina per\u00f2 ens els vam endur a casa per decorar.<\/p>\n<p>Si voleu veure les fotos cliqueu la imatge \ud83d\ude09<\/p>\n<p><a href=\"https:\/\/photos.app.goo.gl\/XS7kV1eA26Xi2faVA\"><img loading=\"lazy\" decoding=\"async\" class=\"alignnone size-large wp-image-3222\" src=\"https:\/\/agora.xtec.cat\/escolabacdecerdanya\/wp-content\/uploads\/usu1753\/2020\/11\/IMG-20201111-WA0012-768x1024.jpg\" alt=\"\" width=\"768\" height=\"1024\" srcset=\"https:\/\/agora.xtec.cat\/escolabacdecerdanya\/wp-content\/uploads\/usu1753\/2020\/11\/IMG-20201111-WA0012-768x1024.jpg 768w, https:\/\/agora.xtec.cat\/escolabacdecerdanya\/wp-content\/uploads\/usu1753\/2020\/11\/IMG-20201111-WA0012-225x300.jpg 225w, https:\/\/agora.xtec.cat\/escolabacdecerdanya\/wp-content\/uploads\/usu1753\/2020\/11\/IMG-20201111-WA0012.jpg 1200w\" sizes=\"auto, (max-width: 768px) 100vw, 768px\" \/><\/a><\/p>\n","protected":false},"excerpt":{"rendered":"<p>El grup de 1r hem estat fent coses molt xules a pl\u00e0stica!<br \/>\nVam fer un collage molt gran amb fulles de tardor per decorar el nostre passad\u00eds. Ens va portar molta feina&#8230; vinga retallar revistes!!!&#8230; per\u00f2 la veritat \u00e9s que ens va quedar molt xulo!<br \/>\nTamb\u00e9 vam&hellip;  <a href=\"https:\/\/agora.xtec.cat\/escolabacdecerdanya\/general\/plastica-de-tardor-a-1r\/\" title=\"Read Pl\u00e0stica de tardor a 1r!\">Llegeix m\u00e9s\u00bb<\/a><\/p>\n","protected":false},"author":8,"featured_media":3222,"comment_status":"open","ping_status":"closed","sticky":false,"template":"","format":"standard","meta":{"_bbp_topic_count":0,"_bbp_reply_count":0,"_bbp_total_topic_count":0,"_bbp_total_reply_count":0,"_bbp_voice_count":0,"_bbp_anonymous_reply_count":0,"_bbp_topic_count_hidden":0,"_bbp_reply_count_hidden":0,"_bbp_forum_subforum_count":0,"footnotes":""},"categories":[10,78,104,161,1,4],"tags":[],"class_list":["post-3215","post","type-post","status-publish","format-standard","has-post-thumbnail","hentry","category-1r","category-castanyada","category-inicial","category-festes","category-general","category-portada"],"post_mailing_queue_ids":[],"_links":{"self":[{"href":"https:\/\/agora.xtec.cat\/escolabacdecerdanya\/wp-json\/wp\/v2\/posts\/3215","targetHints":{"allow":["GET"]}}],"collection":[{"href":"https:\/\/agora.xtec.cat\/escolabacdecerdanya\/wp-json\/wp\/v2\/posts"}],"about":[{"href":"https:\/\/agora.xtec.cat\/escolabacdecerdanya\/wp-json\/wp\/v2\/types\/post"}],"author":[{"embeddable":true,"href":"https:\/\/agora.xtec.cat\/escolabacdecerdanya\/wp-json\/wp\/v2\/users\/8"}],"replies":[{"embeddable":true,"href":"https:\/\/agora.xtec.cat\/escolabacdecerdanya\/wp-json\/wp\/v2\/comments?post=3215"}],"version-history":[{"count":1,"href":"https:\/\/agora.xtec.cat\/escolabacdecerdanya\/wp-json\/wp\/v2\/posts\/3215\/revisions"}],"predecessor-version":[{"id":3223,"href":"https:\/\/agora.xtec.cat\/escolabacdecerdanya\/wp-json\/wp\/v2\/posts\/3215\/revisions\/3223"}],"wp:featuredmedia":[{"embeddable":true,"href":"https:\/\/agora.xtec.cat\/escolabacdecerdanya\/wp-json\/wp\/v2\/media\/3222"}],"wp:attachment":[{"href":"https:\/\/agora.xtec.cat\/escolabacdecerdanya\/wp-json\/wp\/v2\/media?parent=3215"}],"wp:term":[{"taxonomy":"category","embeddable":true,"href":"https:\/\/agora.xtec.cat\/escolabacdecerdanya\/wp-json\/wp\/v2\/categories?post=3215"},{"taxonomy":"post_tag","embeddable":true,"href":"https:\/\/agora.xtec.cat\/escolabacdecerdanya\/wp-json\/wp\/v2\/tags?post=3215"}],"curies":[{"name":"wp","href":"https:\/\/api.w.org\/{rel}","templated":true}]}}