{"id":3188,"date":"2020-11-10T14:29:52","date_gmt":"2020-11-10T13:29:52","guid":{"rendered":"http:\/\/agora.xtec.cat\/escolabacdecerdanya\/?p=3188"},"modified":"2020-11-11T13:20:25","modified_gmt":"2020-11-11T12:20:25","slug":"taller-desport-per-discapacitats","status":"publish","type":"post","link":"https:\/\/agora.xtec.cat\/escolabacdecerdanya\/general\/taller-desport-per-discapacitats\/","title":{"rendered":"TALLER D&#8217;ESPORT PER DISCAPACITATS"},"content":{"rendered":"<p>Bona tarda,<\/p>\n<p>Avui els nens i nenes de Cicle Superior hem fet un Taller sobre l&#8217;Esport per a Discapacitats. La primera part ha estat te\u00f2rica i tamb\u00e9 ens han explicat la seva experi\u00e8ncia en primera persona. A la segona part, hem fet jocs i activitats al pati.<\/p>\n<p style=\"text-align: left\"><iframe loading=\"lazy\" src=\"\/\/www.youtube.com\/embed\/xdtbw-X-B8o\" width=\"560\" height=\"314\"><\/iframe><\/p>\n<p style=\"text-align: left\"><strong>PER MIRAR LES FOTOS CLIQUEU <a href=\"https:\/\/photos.app.goo.gl\/prkd1aZn3sZAyjgd8\"><span style=\"text-decoration: underline\">AQU\u00cd!<\/span><\/a><\/strong><\/p>\n","protected":false},"excerpt":{"rendered":"<p>Bona tarda,<br \/>\nAvui els nens i nenes de Cicle Superior hem fet un Taller sobre l&#8217;Esport per a Discapacitats. La primera part ha estat te\u00f2rica i tamb\u00e9 ens han explicat la seva experi\u00e8ncia en primera persona. A la segona part, hem fet jocs i activitats al&hellip;  <a href=\"https:\/\/agora.xtec.cat\/escolabacdecerdanya\/general\/taller-desport-per-discapacitats\/\" title=\"Read TALLER D&#8217;ESPORT PER DISCAPACITATS\">Llegeix m\u00e9s\u00bb<\/a><\/p>\n","protected":false},"author":26,"featured_media":3189,"comment_status":"open","ping_status":"closed","sticky":false,"template":"","format":"standard","meta":{"_bbp_topic_count":0,"_bbp_reply_count":0,"_bbp_total_topic_count":0,"_bbp_total_reply_count":0,"_bbp_voice_count":0,"_bbp_anonymous_reply_count":0,"_bbp_topic_count_hidden":0,"_bbp_reply_count_hidden":0,"_bbp_forum_subforum_count":0,"footnotes":""},"categories":[14,15,76,1,4],"tags":[],"class_list":["post-3188","post","type-post","status-publish","format-standard","has-post-thumbnail","hentry","category-5e","category-6e","category-cicle-superior","category-general","category-portada"],"post_mailing_queue_ids":[],"_links":{"self":[{"href":"https:\/\/agora.xtec.cat\/escolabacdecerdanya\/wp-json\/wp\/v2\/posts\/3188","targetHints":{"allow":["GET"]}}],"collection":[{"href":"https:\/\/agora.xtec.cat\/escolabacdecerdanya\/wp-json\/wp\/v2\/posts"}],"about":[{"href":"https:\/\/agora.xtec.cat\/escolabacdecerdanya\/wp-json\/wp\/v2\/types\/post"}],"author":[{"embeddable":true,"href":"https:\/\/agora.xtec.cat\/escolabacdecerdanya\/wp-json\/wp\/v2\/users\/26"}],"replies":[{"embeddable":true,"href":"https:\/\/agora.xtec.cat\/escolabacdecerdanya\/wp-json\/wp\/v2\/comments?post=3188"}],"version-history":[{"count":3,"href":"https:\/\/agora.xtec.cat\/escolabacdecerdanya\/wp-json\/wp\/v2\/posts\/3188\/revisions"}],"predecessor-version":[{"id":3192,"href":"https:\/\/agora.xtec.cat\/escolabacdecerdanya\/wp-json\/wp\/v2\/posts\/3188\/revisions\/3192"}],"wp:featuredmedia":[{"embeddable":true,"href":"https:\/\/agora.xtec.cat\/escolabacdecerdanya\/wp-json\/wp\/v2\/media\/3189"}],"wp:attachment":[{"href":"https:\/\/agora.xtec.cat\/escolabacdecerdanya\/wp-json\/wp\/v2\/media?parent=3188"}],"wp:term":[{"taxonomy":"category","embeddable":true,"href":"https:\/\/agora.xtec.cat\/escolabacdecerdanya\/wp-json\/wp\/v2\/categories?post=3188"},{"taxonomy":"post_tag","embeddable":true,"href":"https:\/\/agora.xtec.cat\/escolabacdecerdanya\/wp-json\/wp\/v2\/tags?post=3188"}],"curies":[{"name":"wp","href":"https:\/\/api.w.org\/{rel}","templated":true}]}}