{"id":3158,"date":"2020-10-30T19:21:34","date_gmt":"2020-10-30T18:21:34","guid":{"rendered":"http:\/\/agora.xtec.cat\/escolabacdecerdanya\/?p=3158"},"modified":"2020-10-30T19:21:34","modified_gmt":"2020-10-30T18:21:34","slug":"castanyada-2020","status":"publish","type":"post","link":"https:\/\/agora.xtec.cat\/escolabacdecerdanya\/general\/castanyada-2020\/","title":{"rendered":"CASTANYADA 2020"},"content":{"rendered":"<p>Avui hem celebrat la castanyada a l&#8217;escola!!!!<\/p>\n<p>Al mat\u00ed nenes, nens i mestres que han volgut han vingut disfressats de castanyeres, castanyers i algun personatge de halloween!<\/p>\n<p>A la tarda hem sortit al pati i una castanyera rockera ens ha donat una paperina amb jocs per fer al pati. Cada curs hem fet els jocs a la zona que ens tocava, nom\u00e9s amb el nostre grup, per\u00f2 hem disfrutat molt.<\/p>\n<p>Amb els jocs de cucanyes en hem guanyat el berenar de castanyada!!!<\/p>\n<p>Han vingut mares i pares vestits de castanyeres que, amb l&#8217;ajuda de la brigada municipal, han torrat les castanyes (aquest any fora la tanca per\u00f2 ha estat molt b\u00e9 perqu\u00e8 els hem pogut veure igualment).<\/p>\n<p>Fins i tot han pogut repartir paperines als familiars que venien a recollir-nos a la sortida de l&#8217;escola.<\/p>\n<p>Ha estat una festa molt xula que, tot i la situaci\u00f3 de pand\u00e8mia actual, hem pogut celebrar!!!<\/p>\n<p>Si voleu veure les fotos cliqueu la imatge!!!<\/p>\n<p><a href=\"https:\/\/photos.app.goo.gl\/XWirV6xmK1iBf3a79\"><img loading=\"lazy\" decoding=\"async\" class=\"alignnone size-large wp-image-3160\" src=\"https:\/\/agora.xtec.cat\/escolabacdecerdanya\/wp-content\/uploads\/usu1753\/2020\/10\/castanyada-1024x768.jpg\" alt=\"\" width=\"1024\" height=\"768\" srcset=\"https:\/\/agora.xtec.cat\/escolabacdecerdanya\/wp-content\/uploads\/usu1753\/2020\/10\/castanyada-1024x768.jpg 1024w, https:\/\/agora.xtec.cat\/escolabacdecerdanya\/wp-content\/uploads\/usu1753\/2020\/10\/castanyada-300x225.jpg 300w, https:\/\/agora.xtec.cat\/escolabacdecerdanya\/wp-content\/uploads\/usu1753\/2020\/10\/castanyada-768x576.jpg 768w, https:\/\/agora.xtec.cat\/escolabacdecerdanya\/wp-content\/uploads\/usu1753\/2020\/10\/castanyada-200x150.jpg 200w, https:\/\/agora.xtec.cat\/escolabacdecerdanya\/wp-content\/uploads\/usu1753\/2020\/10\/castanyada.jpg 1600w\" sizes=\"auto, (max-width: 1024px) 100vw, 1024px\" \/><\/a><\/p>\n","protected":false},"excerpt":{"rendered":"<p>Avui hem celebrat la castanyada a l&#8217;escola!!!!<br \/>\nAl mat\u00ed nenes, nens i mestres que han volgut han vingut disfressats de castanyeres, castanyers i algun personatge de halloween!<br \/>\nA la tarda hem sortit al pati i una castanyera rockera ens ha donat una paperina amb jocs per fer&hellip;  <a href=\"https:\/\/agora.xtec.cat\/escolabacdecerdanya\/general\/castanyada-2020\/\" title=\"Read CASTANYADA 2020\">Llegeix m\u00e9s\u00bb<\/a><\/p>\n","protected":false},"author":8,"featured_media":3160,"comment_status":"open","ping_status":"closed","sticky":false,"template":"","format":"standard","meta":{"_bbp_topic_count":0,"_bbp_reply_count":0,"_bbp_total_topic_count":0,"_bbp_total_reply_count":0,"_bbp_voice_count":0,"_bbp_anonymous_reply_count":0,"_bbp_topic_count_hidden":0,"_bbp_reply_count_hidden":0,"_bbp_forum_subforum_count":0,"footnotes":""},"categories":[10,11,12,13,14,15,7,78,104,105,76,103,161,1,3,8,9,4],"tags":[],"class_list":["post-3158","post","type-post","status-publish","format-standard","has-post-thumbnail","hentry","category-1r","category-2n","category-3r","category-4t","category-5e","category-6e","category-ampa","category-castanyada","category-inicial","category-mitja","category-cicle-superior","category-infantil-2","category-festes","category-general","category-p3","category-p4","category-p5","category-portada"],"post_mailing_queue_ids":[],"_links":{"self":[{"href":"https:\/\/agora.xtec.cat\/escolabacdecerdanya\/wp-json\/wp\/v2\/posts\/3158","targetHints":{"allow":["GET"]}}],"collection":[{"href":"https:\/\/agora.xtec.cat\/escolabacdecerdanya\/wp-json\/wp\/v2\/posts"}],"about":[{"href":"https:\/\/agora.xtec.cat\/escolabacdecerdanya\/wp-json\/wp\/v2\/types\/post"}],"author":[{"embeddable":true,"href":"https:\/\/agora.xtec.cat\/escolabacdecerdanya\/wp-json\/wp\/v2\/users\/8"}],"replies":[{"embeddable":true,"href":"https:\/\/agora.xtec.cat\/escolabacdecerdanya\/wp-json\/wp\/v2\/comments?post=3158"}],"version-history":[{"count":1,"href":"https:\/\/agora.xtec.cat\/escolabacdecerdanya\/wp-json\/wp\/v2\/posts\/3158\/revisions"}],"predecessor-version":[{"id":3161,"href":"https:\/\/agora.xtec.cat\/escolabacdecerdanya\/wp-json\/wp\/v2\/posts\/3158\/revisions\/3161"}],"wp:featuredmedia":[{"embeddable":true,"href":"https:\/\/agora.xtec.cat\/escolabacdecerdanya\/wp-json\/wp\/v2\/media\/3160"}],"wp:attachment":[{"href":"https:\/\/agora.xtec.cat\/escolabacdecerdanya\/wp-json\/wp\/v2\/media?parent=3158"}],"wp:term":[{"taxonomy":"category","embeddable":true,"href":"https:\/\/agora.xtec.cat\/escolabacdecerdanya\/wp-json\/wp\/v2\/categories?post=3158"},{"taxonomy":"post_tag","embeddable":true,"href":"https:\/\/agora.xtec.cat\/escolabacdecerdanya\/wp-json\/wp\/v2\/tags?post=3158"}],"curies":[{"name":"wp","href":"https:\/\/api.w.org\/{rel}","templated":true}]}}