{"id":3156,"date":"2020-10-30T19:49:52","date_gmt":"2020-10-30T18:49:52","guid":{"rendered":"http:\/\/agora.xtec.cat\/escolabacdecerdanya\/?p=3156"},"modified":"2020-10-30T19:56:08","modified_gmt":"2020-10-30T18:56:08","slug":"1r-anem-al-supermercat","status":"publish","type":"post","link":"https:\/\/agora.xtec.cat\/escolabacdecerdanya\/general\/1r-anem-al-supermercat\/","title":{"rendered":"1r -Anem al supermercat!"},"content":{"rendered":"<p>Els alumnes de 1r estem estudiant els aliments i qu\u00e8 vol dir seguir una alimentaci\u00f3 saludable. Ja sabem com\u00a0 els podem classificar segons la roda dels aliments, sabem la freq\u00fc\u00e8ncia en que els podem menjar segons la pir\u00e0mide dels aliments, i hem apr\u00e8s d&#8217;on provenen segons el seu origen.<\/p>\n<p>Com que encara volem saber m\u00e9s coses, hem volgut anar a visitar el supermercat Caprabo d&#8217;Alp. All\u00e0 hem fet dos grups i\u00a0 ens hem fixat en com tenen organitzats i classificats els aliments i com els conserven.<\/p>\n<p>Va ser molt interessant i al final l&#8217;encarregat del supermercat ens va recordar que \u00e9s molt important seguir una dieta equilibrada, fer esport i beure molta aigua. Tamb\u00e9 ens va obsequiar a tots amb una bosseta amb un pl\u00e0tan i un batut per cadasc\u00fa.<\/p>\n<p>Aqu\u00ed teniu les fotografies!<\/p>\n<p><a href=\"https:\/\/photos.app.goo.gl\/rFiujiYVtt7bAPzw8\">https:\/\/photos.app.goo.gl\/rFiujiYVtt7bAPzw8<\/a><\/p>\n<p><a href=\"http:\/\/https:\/\/photos.google.com\/share\/AF1QipMwdipwi5DKR4z1ZjD_cXt0g-fGbOjVz8o867yyvAvR13wFJhB80J9c8kYYvqGJFg?key=YjA4MXFMN3hKRXFlcHdqZ0otT3JYTWExSzJaNE1B\"><img loading=\"lazy\" decoding=\"async\" class=\"size-medium wp-image-3164 aligncenter\" src=\"https:\/\/agora.xtec.cat\/escolabacdecerdanya\/wp-content\/uploads\/usu1753\/2020\/10\/20201029_100540-1-300x225.jpg\" alt=\"\" width=\"300\" height=\"225\" srcset=\"https:\/\/agora.xtec.cat\/escolabacdecerdanya\/wp-content\/uploads\/usu1753\/2020\/10\/20201029_100540-1-300x225.jpg 300w, https:\/\/agora.xtec.cat\/escolabacdecerdanya\/wp-content\/uploads\/usu1753\/2020\/10\/20201029_100540-1-768x576.jpg 768w, https:\/\/agora.xtec.cat\/escolabacdecerdanya\/wp-content\/uploads\/usu1753\/2020\/10\/20201029_100540-1-1024x768.jpg 1024w, https:\/\/agora.xtec.cat\/escolabacdecerdanya\/wp-content\/uploads\/usu1753\/2020\/10\/20201029_100540-1-200x150.jpg 200w\" sizes=\"auto, (max-width: 300px) 100vw, 300px\" \/><\/a><\/p>\n","protected":false},"excerpt":{"rendered":"<p>Els alumnes de 1r estem estudiant els aliments i qu\u00e8 vol dir seguir una alimentaci\u00f3 saludable. Ja sabem com\u00a0 els podem classificar segons la roda dels aliments, sabem la freq\u00fc\u00e8ncia en que els podem menjar segons la pir\u00e0mide dels aliments, i hem apr\u00e8s d&#8217;on provenen&hellip;  <a href=\"https:\/\/agora.xtec.cat\/escolabacdecerdanya\/general\/1r-anem-al-supermercat\/\" title=\"Read 1r -Anem al supermercat!\">Llegeix m\u00e9s\u00bb<\/a><\/p>\n","protected":false},"author":32,"featured_media":3163,"comment_status":"open","ping_status":"closed","sticky":false,"template":"","format":"standard","meta":{"_bbp_topic_count":0,"_bbp_reply_count":0,"_bbp_total_topic_count":0,"_bbp_total_reply_count":0,"_bbp_voice_count":0,"_bbp_anonymous_reply_count":0,"_bbp_topic_count_hidden":0,"_bbp_reply_count_hidden":0,"_bbp_forum_subforum_count":0,"footnotes":""},"categories":[10,104,1,4,86],"tags":[],"class_list":["post-3156","post","type-post","status-publish","format-standard","has-post-thumbnail","hentry","category-1r","category-inicial","category-general","category-portada","category-sortida"],"post_mailing_queue_ids":[],"_links":{"self":[{"href":"https:\/\/agora.xtec.cat\/escolabacdecerdanya\/wp-json\/wp\/v2\/posts\/3156","targetHints":{"allow":["GET"]}}],"collection":[{"href":"https:\/\/agora.xtec.cat\/escolabacdecerdanya\/wp-json\/wp\/v2\/posts"}],"about":[{"href":"https:\/\/agora.xtec.cat\/escolabacdecerdanya\/wp-json\/wp\/v2\/types\/post"}],"author":[{"embeddable":true,"href":"https:\/\/agora.xtec.cat\/escolabacdecerdanya\/wp-json\/wp\/v2\/users\/32"}],"replies":[{"embeddable":true,"href":"https:\/\/agora.xtec.cat\/escolabacdecerdanya\/wp-json\/wp\/v2\/comments?post=3156"}],"version-history":[{"count":3,"href":"https:\/\/agora.xtec.cat\/escolabacdecerdanya\/wp-json\/wp\/v2\/posts\/3156\/revisions"}],"predecessor-version":[{"id":3166,"href":"https:\/\/agora.xtec.cat\/escolabacdecerdanya\/wp-json\/wp\/v2\/posts\/3156\/revisions\/3166"}],"wp:featuredmedia":[{"embeddable":true,"href":"https:\/\/agora.xtec.cat\/escolabacdecerdanya\/wp-json\/wp\/v2\/media\/3163"}],"wp:attachment":[{"href":"https:\/\/agora.xtec.cat\/escolabacdecerdanya\/wp-json\/wp\/v2\/media?parent=3156"}],"wp:term":[{"taxonomy":"category","embeddable":true,"href":"https:\/\/agora.xtec.cat\/escolabacdecerdanya\/wp-json\/wp\/v2\/categories?post=3156"},{"taxonomy":"post_tag","embeddable":true,"href":"https:\/\/agora.xtec.cat\/escolabacdecerdanya\/wp-json\/wp\/v2\/tags?post=3156"}],"curies":[{"name":"wp","href":"https:\/\/api.w.org\/{rel}","templated":true}]}}