{"id":3081,"date":"2020-10-05T19:14:37","date_gmt":"2020-10-05T17:14:37","guid":{"rendered":"http:\/\/agora.xtec.cat\/escolabacdecerdanya\/?p=3081"},"modified":"2020-10-05T19:32:35","modified_gmt":"2020-10-05T17:32:35","slug":"els-primers-dies-de-p3","status":"publish","type":"post","link":"https:\/\/agora.xtec.cat\/escolabacdecerdanya\/general\/els-primers-dies-de-p3\/","title":{"rendered":"Els primers dies de P3&#8230; (v\u00eddeo)"},"content":{"rendered":"<p><a href=\"https:\/\/youtu.be\/WHhqMq5Nh3A\">https:\/\/youtu.be\/WHhqMq5Nh3A<\/a><\/p>\n<p>Els primers dies de P3 sempre s\u00f3n m\u00e0gics \u00a0i especials&#8230; L\u2019adaptaci\u00f3 dels nens i nenes de P3 ha estat fant\u00e0stica. Poc a poc s\u2019han sentit motivats, estimats, alegres, i han gaudit de noves activitats i de noves mestres i companys. Us deixo l\u2019enlla\u00e7 d\u2019un v\u00eddeo que \u00e9s un recull de totes les activitats que hem fet aquestes primeres setmanes de curs ( fotos, v\u00eddeos&#8230;)&#8230;<br \/>\nVolia agra\u00efr la confian\u00e7a, el comprom\u00eds, l\u2019empatia, la resili\u00e8ncia, i els somriures dels pares i les mares de P3 que ens heu brindat cada dia al deixar als vostres fills i filles a les nostres mans.<br \/>\nSeguim aprenent i creixent junts !<\/p>\n","protected":false},"excerpt":{"rendered":"<p><a href=\"https:\/\/youtu.be\/WHhqMq5Nh3A\">https:\/\/youtu.be\/WHhqMq5Nh3A<\/a><br \/>\nEls primers dies de P3 sempre s\u00f3n m\u00e0gics \u00a0i especials&#8230; L\u2019adaptaci\u00f3 dels nens i nenes de P3 ha estat fant\u00e0stica. Poc a poc s\u2019han sentit motivats, estimats, alegres, i han gaudit de noves activitats i de noves mestres i companys. Us deixo l\u2019enlla\u00e7 d\u2019un&hellip;  <a href=\"https:\/\/agora.xtec.cat\/escolabacdecerdanya\/general\/els-primers-dies-de-p3\/\" title=\"Read Els primers dies de P3&#8230; (v\u00eddeo)\">Llegeix m\u00e9s\u00bb<\/a><\/p>\n","protected":false},"author":1,"featured_media":3083,"comment_status":"open","ping_status":"closed","sticky":false,"template":"","format":"standard","meta":{"_bbp_topic_count":0,"_bbp_reply_count":0,"_bbp_total_topic_count":0,"_bbp_total_reply_count":0,"_bbp_voice_count":0,"_bbp_anonymous_reply_count":0,"_bbp_topic_count_hidden":0,"_bbp_reply_count_hidden":0,"_bbp_forum_subforum_count":0,"footnotes":""},"categories":[103,1,3,4],"tags":[198,195,196],"class_list":["post-3081","post","type-post","status-publish","format-standard","has-post-thumbnail","hentry","category-infantil-2","category-general","category-p3","category-portada","tag-educacio-infantil","tag-general","tag-p3"],"post_mailing_queue_ids":[],"_links":{"self":[{"href":"https:\/\/agora.xtec.cat\/escolabacdecerdanya\/wp-json\/wp\/v2\/posts\/3081","targetHints":{"allow":["GET"]}}],"collection":[{"href":"https:\/\/agora.xtec.cat\/escolabacdecerdanya\/wp-json\/wp\/v2\/posts"}],"about":[{"href":"https:\/\/agora.xtec.cat\/escolabacdecerdanya\/wp-json\/wp\/v2\/types\/post"}],"author":[{"embeddable":true,"href":"https:\/\/agora.xtec.cat\/escolabacdecerdanya\/wp-json\/wp\/v2\/users\/1"}],"replies":[{"embeddable":true,"href":"https:\/\/agora.xtec.cat\/escolabacdecerdanya\/wp-json\/wp\/v2\/comments?post=3081"}],"version-history":[{"count":2,"href":"https:\/\/agora.xtec.cat\/escolabacdecerdanya\/wp-json\/wp\/v2\/posts\/3081\/revisions"}],"predecessor-version":[{"id":3084,"href":"https:\/\/agora.xtec.cat\/escolabacdecerdanya\/wp-json\/wp\/v2\/posts\/3081\/revisions\/3084"}],"wp:featuredmedia":[{"embeddable":true,"href":"https:\/\/agora.xtec.cat\/escolabacdecerdanya\/wp-json\/wp\/v2\/media\/3083"}],"wp:attachment":[{"href":"https:\/\/agora.xtec.cat\/escolabacdecerdanya\/wp-json\/wp\/v2\/media?parent=3081"}],"wp:term":[{"taxonomy":"category","embeddable":true,"href":"https:\/\/agora.xtec.cat\/escolabacdecerdanya\/wp-json\/wp\/v2\/categories?post=3081"},{"taxonomy":"post_tag","embeddable":true,"href":"https:\/\/agora.xtec.cat\/escolabacdecerdanya\/wp-json\/wp\/v2\/tags?post=3081"}],"curies":[{"name":"wp","href":"https:\/\/api.w.org\/{rel}","templated":true}]}}